{"id":7892,"date":"2016-12-22T17:14:04","date_gmt":"2016-12-22T16:14:04","guid":{"rendered":"http:\/\/leckerekekse.de\/wordpress\/?p=7892"},"modified":"2018-01-28T22:33:23","modified_gmt":"2018-01-28T21:33:23","slug":"petra-hartlieb-ein-winter-in-wien","status":"publish","type":"post","link":"https:\/\/leckerekekse.de\/wordpress\/petra-hartlieb-ein-winter-in-wien\/","title":{"rendered":"Petra Hartlieb: Ein Winter in Wien"},"content":{"rendered":"<p><img loading=\"lazy\" decoding=\"async\" class=\"aligncenter size-full wp-image-7893\" src=\"https:\/\/leckerekekse.de\/wordpress\/wp-content\/uploads\/2016\/12\/IMG_1940.jpg\" alt=\"Petra Hartlieb\" width=\"640\" height=\"640\" srcset=\"https:\/\/leckerekekse.de\/wordpress\/wp-content\/uploads\/2016\/12\/IMG_1940.jpg 640w, https:\/\/leckerekekse.de\/wordpress\/wp-content\/uploads\/2016\/12\/IMG_1940-150x150.jpg 150w, https:\/\/leckerekekse.de\/wordpress\/wp-content\/uploads\/2016\/12\/IMG_1940-300x300.jpg 300w, https:\/\/leckerekekse.de\/wordpress\/wp-content\/uploads\/2016\/12\/IMG_1940-144x144.jpg 144w, https:\/\/leckerekekse.de\/wordpress\/wp-content\/uploads\/2016\/12\/IMG_1940-120x120.jpg 120w\" sizes=\"auto, (max-width: 640px) 100vw, 640px\" \/><\/p>\n<h2>Die Autorin kann auch anderes als biografisch!<\/h2>\n<p>Petra Hartlieb, die mit ihrem autobiografischen <a href=\"https:\/\/leckerekekse.de\/wordpress\/petra-hartlieb-meine-wundervolle-buchhandlung\/\" target=\"_blank\" rel=\"noopener\">Buch \u00fcber ihre Buchhandlung<\/a> einen Bestseller geschrieben hat, kann anscheinend auch anders. Krimis schreibt sie schon l\u00e4nger und nun ist ein Roman entstanden, ruhig, unaufregend, aber wundersch\u00f6n.<!--more--><\/p>\n<h3>Inhalt<\/h3>\n<p>Es geht bei Hartliebs neuem Buch &#8222;Ein Winter in Wien&#8220; &#8211; wie kann es bei der Frau anders sein &#8211; um eine Buchhandlung, die es wirklich gegeben hat. Auch viele Personen hat es gegeben. Die Geschichte spielt im Wien um 1910. Dr. Arthur Schnitzler lebt mit seiner Familie dort und l\u00e4\u00dft die Menschen seine Theaterst\u00fccke bewundern.<\/p>\n<p>Hauptperson ist Marie, das Kinderm\u00e4dchen der Schnitzlers. Aus armen Verh\u00e4ltnissen stammend kommt sie eines Tages zu der Familie, gerade erst 18 Jahre alt, k\u00fcmmert sie sich um den 9j\u00e4hrigen Sohn und die zweij\u00e4hrige Tochter.<\/p>\n<p>Als sie eines Tages in einer Buchhandlung ein Buch abholen soll, lernt sie Oskar kennen, den jungen Buchh\u00e4ndler, der Gefallen an ihr findet.<\/p>\n<p>Es entwickelt sich eine zarte Liebe. Aber zu der damaligen Zeit waren Verabredungen schwierig und so ist die Ann\u00e4herung der beiden langsam und zur\u00fcckhaltend.<\/p>\n<p>Wir Leser verbringen mit Marie den Tag. Sie k\u00fcmmert sich haupts\u00e4chlich um die Kinder, hilft aber auch in der K\u00fcche mit, wenn G\u00e4ste erwartet werden oder Feiertage anstehen. Aufgrund ihrer Herkunft ist Marie sehr bescheiden und sch\u00e4tzt sich gl\u00fccklich, bei einer so netten Familie untergekommen zu sein. Nachdem ihr Vater sie fr\u00fch aus dem Familienhaushalt verbannt hat, um einen Esser weniger am Tisch zu haben, hat sie viele schlechte Erfahrungen gemacht.<\/p>\n<p><img loading=\"lazy\" decoding=\"async\" class=\"aligncenter size-full wp-image-7895\" src=\"https:\/\/leckerekekse.de\/wordpress\/wp-content\/uploads\/2016\/12\/IMG_1942.jpg\" alt=\"Petra hartlieb\" width=\"640\" height=\"640\" srcset=\"https:\/\/leckerekekse.de\/wordpress\/wp-content\/uploads\/2016\/12\/IMG_1942.jpg 640w, https:\/\/leckerekekse.de\/wordpress\/wp-content\/uploads\/2016\/12\/IMG_1942-150x150.jpg 150w, https:\/\/leckerekekse.de\/wordpress\/wp-content\/uploads\/2016\/12\/IMG_1942-300x300.jpg 300w, https:\/\/leckerekekse.de\/wordpress\/wp-content\/uploads\/2016\/12\/IMG_1942-144x144.jpg 144w, https:\/\/leckerekekse.de\/wordpress\/wp-content\/uploads\/2016\/12\/IMG_1942-120x120.jpg 120w\" sizes=\"auto, (max-width: 640px) 100vw, 640px\" \/><\/p>\n<h3>Weihnachtsgeschichte<\/h3>\n<p>&#8222;Ein Winter in Wien ist eine ruhige Geschichte, die auch eine Weihnachtsgeschichte ist. Es wird viel von der Stadt erz\u00e4hlt, von den Stra\u00dfen, Geb\u00e4uden, vom Theater. Es ist Winter in Wien, es schneit fast unaufh\u00f6rlich und man bekommt Lust auf diese Stadt. Der Leser bekommt einen Eindruck vom Wien vor \u00fcber 100 Jahren und dem Leben dort. Die einzelnen Schichten leben noch sehr weit auseinander, arm und reich ist anders als heute.<\/p>\n<p>Sprachlich h\u00e4tte dieses Buch gerne noch wienerischer sein d\u00fcrfen und ein klein wenig poetischer.<\/p>\n<p>F\u00fcr ein Weihnachtsgeschenk kommt diese\u00a0Rezension\u00a0sicher zu sp\u00e4t, aber wenn ihr in den Tagen nach Weihnachten noch Lust auf etwas ruhiges habt und euch vielleicht so wie ich nach Schnee sehnt, ist das Buch vielleicht etwas f\u00fcr euch.<\/p>\n<p>Petra Hartlieb ist im Februar in Hamburg zu einer Lesung. Hoffentlich schaffe ich es, sie einmal pers\u00f6nlich zu erleben.<\/p>\n<p><img loading=\"lazy\" decoding=\"async\" class=\"aligncenter size-full wp-image-5966\" src=\"https:\/\/leckerekekse.de\/wordpress\/wp-content\/uploads\/2016\/04\/Scan-11.jpeg\" alt=\"Astrid-Signatur\" width=\"206\" height=\"97\" \/><\/p>\n<table width=\"640\">\n<tbody>\n<tr>\n<td width=\"320\"><img loading=\"lazy\" decoding=\"async\" class=\"aligncenter size-medium wp-image-7897\" src=\"https:\/\/leckerekekse.de\/wordpress\/wp-content\/uploads\/2016\/12\/winter-in-wien-176x300.jpg\" alt=\"winter-in-wien\" width=\"176\" height=\"300\" srcset=\"https:\/\/leckerekekse.de\/wordpress\/wp-content\/uploads\/2016\/12\/winter-in-wien-176x300.jpg 176w, https:\/\/leckerekekse.de\/wordpress\/wp-content\/uploads\/2016\/12\/winter-in-wien.jpg 416w\" sizes=\"auto, (max-width: 176px) 100vw, 176px\" \/><\/td>\n<td width=\"320\">\n<h3>Petra Hartlieb<\/h3>\n<h2>Ein Winter in Wien<\/h2>\n<p>Verlag:\u00a0 Kindler<br \/>\nErscheinungstermin:\u00a0 21.09.2016<br \/>\n176 Seiten<br \/>\nISBN:\u00a0 978-3-463-40086-0<\/p>\n<p><a href=\"http:\/\/www.rowohlt.de\/hardcover\/petra-hartlieb-ein-winter-in-wien.html#v3507528\" target=\"_blank\" rel=\"noopener\">Verlagsseite<\/a><\/td>\n<\/tr>\n<\/tbody>\n<\/table>\n<p>&nbsp;<\/p>\n<p><span style=\"border-top-left-radius: 2px; border-top-right-radius: 2px; border-bottom-right-radius: 2px; border-bottom-left-radius: 2px; text-indent: 20px; width: auto; padding: 0px 4px 0px 0px; text-align: center; font-style: normal; font-variant-caps: normal; font-weight: bold; font-stretch: normal; font-size: 11px; line-height: 20px; font-family: 'Helvetica Neue', Helvetica, sans-serif; color: #ffffff; background-image: url(data:image\/svg+xml; base64,phn2zyb4bwxucz0iahr0cdovl3d3dy53my5vcmcvmjawmc9zdmciighlawdodd0imzbwecigd2lkdgg9ijmwchgiihzpzxdcb3g9ii0xic0xidmxidmxij48zz48cgf0acbkpsjnmjkundq5lde0ljy2mibdmjkundq5ldiyljcymiaymi44njgsmjkumju2ide0ljc1ldi5lji1nibdni42mzismjkumju2idaumduxldiyljcymiawlja1mswxnc42njigqzaumduxldyunjaxidyunjmyldaumdy3ide0ljc1ldaumdy3iemymi44njgsmc4wnjcgmjkundq5ldyunjaxidi5ljq0oswxnc42njiiigzpbgw9iinmzmyiihn0cm9rzt0ii2zmziigc3ryb2tllxdpzhropsixij48l3bhdgg+phbhdgggzd0itte0ljczmywxljy4nibdny41mtysms42odygms42njusny40otugms42njusmtqunjyyiemxljy2nswymc4xntkgns4xmdksmjquodu0idkuotcsmjyunzq0iem5ljg1niwyns43mtggos43ntmsmjqumtqzidewljaxniwymy4wmjigqzewlji1mywymi4wmsaxms41ndgsmtyuntcyidexlju0ocwxni41nzigqzexlju0ocwxni41nzigmteumtu3lde1ljc5nsaxms4xntcsmtqunjq2iemxms4xntcsmtiuodqyideyljixmswxms40otugmtmuntiyldexljq5nsbdmtqunjm3ldexljq5nsaxns4xnzusmtiumzi2ide1lje3nswxmy4zmjmgqze1lje3nswxnc40mzygmtqundyylde2ljegmtqumdkzlde3ljy0mybdmtmunzg1lde4ljkznsaxnc43ndusmtkuotg4ide2ljayocwxos45odggqze4ljm1mswxos45odggmjaumtm2lde3lju1niaymc4xmzysmtqumdq2iemymc4xmzysmtauotm5ide3ljg4ocw4ljc2nyaxnc42nzgsoc43njcgqzewljk1osw4ljc2nya4ljc3nywxms41mzygoc43nzcsmtqumzk4iem4ljc3nywxns41mtmgos4ymswxni43mdkgos43ndksmtcumzu5iem5ljg1niwxny40odggos44nzismtcunia5ljg0lde3ljczmsbdos43ndesmtgumtqxidkuntismtkumdizidkundc3lde5ljiwmybdos40miwxos40nca5lji4ocwxos40otegos4wncwxos4znzygqzcunda4lde4ljyymia2ljm4nywxni4yntigni4zodcsmtqumzq5iem2ljm4nywxmc4yntygos4zodmsni40otcgmtuumdiyldyundk3iemxos41ntusni40otcgmjmumdc4ldkunza1idizlja3ocwxmy45otegqzizlja3ocwxoc40njmgmjaumjm5ldiylja2miaxni4yotcsmjiumdyyiemxnc45nzmsmjiumdyyidezljcyocwyms4znzkgmtmumzayldiwlju3mibdmtmumzayldiwlju3miaxmi42ndcsmjmumdugmtiundg4ldizljy1nybdmtiumtkzldi0ljc4ncaxms4zotysmjyumtk2idewljg2mywyny4wntggqzeylja4niwyny40mzqgmtmumzg2ldi3ljyznyaxnc43mzmsmjcunjm3iemyms45nswyny42mzcgmjcuodaxldixljgyocayny44mdesmtqunjyyiemyny44mdesny40otugmjeuotusms42odygmtqunzmzldeunjg2iibmawxspsijymqwodfjij48l3bhdgg+pc9npjwvc3znpg==); background-size: 14px 14px; background-color: #bd081c; position: absolute; opacity: 1; z-index: 8675309; display: none; cursor: pointer; border: none; -webkit-font-smoothing: antialiased; top: 27px; left: 158px; background-position: 3px 50%; background-repeat: no-repeat no-repeat;\">Merken<\/span><span style=\"border-top-left-radius: 2px; border-top-right-radius: 2px; border-bottom-right-radius: 2px; border-bottom-left-radius: 2px; text-indent: 20px; width: auto; padding: 0px 4px 0px 0px; text-align: center; font-style: normal; font-variant-caps: normal; font-weight: bold; font-stretch: normal; font-size: 11px; line-height: 20px; font-family: 'Helvetica Neue', Helvetica, sans-serif; color: #ffffff; background-image: url(data:image\/svg+xml; base64,phn2zyb4bwxucz0iahr0cdovl3d3dy53my5vcmcvmjawmc9zdmciighlawdodd0imzbwecigd2lkdgg9ijmwchgiihzpzxdcb3g9ii0xic0xidmxidmxij48zz48cgf0acbkpsjnmjkundq5lde0ljy2mibdmjkundq5ldiyljcymiaymi44njgsmjkumju2ide0ljc1ldi5lji1nibdni42mzismjkumju2idaumduxldiyljcymiawlja1mswxnc42njigqzaumduxldyunjaxidyunjmyldaumdy3ide0ljc1ldaumdy3iemymi44njgsmc4wnjcgmjkundq5ldyunjaxidi5ljq0oswxnc42njiiigzpbgw9iinmzmyiihn0cm9rzt0ii2zmziigc3ryb2tllxdpzhropsixij48l3bhdgg+phbhdgggzd0itte0ljczmywxljy4nibdny41mtysms42odygms42njusny40otugms42njusmtqunjyyiemxljy2nswymc4xntkgns4xmdksmjquodu0idkuotcsmjyunzq0iem5ljg1niwyns43mtggos43ntmsmjqumtqzidewljaxniwymy4wmjigqzewlji1mywymi4wmsaxms41ndgsmtyuntcyidexlju0ocwxni41nzigqzexlju0ocwxni41nzigmteumtu3lde1ljc5nsaxms4xntcsmtqunjq2iemxms4xntcsmtiuodqyideyljixmswxms40otugmtmuntiyldexljq5nsbdmtqunjm3ldexljq5nsaxns4xnzusmtiumzi2ide1lje3nswxmy4zmjmgqze1lje3nswxnc40mzygmtqundyylde2ljegmtqumdkzlde3ljy0mybdmtmunzg1lde4ljkznsaxnc43ndusmtkuotg4ide2ljayocwxos45odggqze4ljm1mswxos45odggmjaumtm2lde3lju1niaymc4xmzysmtqumdq2iemymc4xmzysmtauotm5ide3ljg4ocw4ljc2nyaxnc42nzgsoc43njcgqzewljk1osw4ljc2nya4ljc3nywxms41mzygoc43nzcsmtqumzk4iem4ljc3nywxns41mtmgos4ymswxni43mdkgos43ndksmtcumzu5iem5ljg1niwxny40odggos44nzismtcunia5ljg0lde3ljczmsbdos43ndesmtgumtqxidkuntismtkumdizidkundc3lde5ljiwmybdos40miwxos40nca5lji4ocwxos40otegos4wncwxos4znzygqzcunda4lde4ljyymia2ljm4nywxni4yntigni4zodcsmtqumzq5iem2ljm4nywxmc4yntygos4zodmsni40otcgmtuumdiyldyundk3iemxos41ntusni40otcgmjmumdc4ldkunza1idizlja3ocwxmy45otegqzizlja3ocwxoc40njmgmjaumjm5ldiylja2miaxni4yotcsmjiumdyyiemxnc45nzmsmjiumdyyidezljcyocwyms4znzkgmtmumzayldiwlju3mibdmtmumzayldiwlju3miaxmi42ndcsmjmumdugmtiundg4ldizljy1nybdmtiumtkzldi0ljc4ncaxms4zotysmjyumtk2idewljg2mywyny4wntggqzeylja4niwyny40mzqgmtmumzg2ldi3ljyznyaxnc43mzmsmjcunjm3iemyms45nswyny42mzcgmjcuodaxldixljgyocayny44mdesmtqunjyyiemyny44mdesny40otugmjeuotusms42odygmtqunzmzldeunjg2iibmawxspsijymqwodfjij48l3bhdgg+pc9npjwvc3znpg==); background-size: 14px 14px; background-color: #bd081c; position: absolute; opacity: 1; z-index: 8675309; display: none; cursor: pointer; border: none; -webkit-font-smoothing: antialiased; top: 27px; left: 158px; background-position: 3px 50%; background-repeat: no-repeat no-repeat;\">Merken<\/span><\/p>\n","protected":false},"excerpt":{"rendered":"<p>Die Autorin kann auch anderes als biografisch! Petra Hartlieb, die mit ihrem autobiografischen Buch \u00fcber ihre Buchhandlung einen Bestseller geschrieben hat, kann anscheinend auch anders. Krimis schreibt sie schon l\u00e4nger und nun ist ein Roman entstanden, ruhig, unaufregend, aber wundersch\u00f6n.<\/p>\n","protected":false},"author":1,"featured_media":7893,"comment_status":"open","ping_status":"open","sticky":false,"template":"","format":"standard","meta":{"footnotes":""},"categories":[3,788],"tags":[459,89,194,250],"class_list":["post-7892","post","type-post","status-publish","format-standard","has-post-thumbnail","hentry","category-buecher","category-rezension","tag-roman","tag-weihnachten","tag-wien","tag-winter"],"yoast_head":"<!-- This site is optimized with the Yoast SEO plugin v27.5 - https:\/\/yoast.com\/product\/yoast-seo-wordpress\/ -->\n<title>Petra Hartlieb: Ein Winter in Wien | Leckere Kekse &amp; mehr<\/title>\n<meta name=\"description\" content=\"Einen Roman hat Petra Hartlieb nun geschrieben \u2013 \u00fcber das alte Wien, \u00fcber die Familie von Arthur Schnitzler und deren Kinderm\u00e4dchen. Und \u00fcber B\u00fccher!\" \/>\n<meta name=\"robots\" content=\"index, follow, max-snippet:-1, max-image-preview:large, max-video-preview:-1\" \/>\n<link rel=\"canonical\" href=\"https:\/\/leckerekekse.de\/wordpress\/petra-hartlieb-ein-winter-in-wien\/\" \/>\n<meta property=\"og:locale\" content=\"de_DE\" \/>\n<meta property=\"og:type\" content=\"article\" \/>\n<meta property=\"og:title\" content=\"Petra Hartlieb: Ein Winter in Wien | Leckere Kekse &amp; mehr\" \/>\n<meta property=\"og:description\" content=\"Einen Roman hat Petra Hartlieb nun geschrieben \u2013 \u00fcber das alte Wien, \u00fcber die Familie von Arthur Schnitzler und deren Kinderm\u00e4dchen. Und \u00fcber B\u00fccher!\" \/>\n<meta property=\"og:url\" content=\"https:\/\/leckerekekse.de\/wordpress\/petra-hartlieb-ein-winter-in-wien\/\" \/>\n<meta property=\"og:site_name\" content=\"Leckere Kekse &amp; mehr\" \/>\n<meta property=\"article:published_time\" content=\"2016-12-22T16:14:04+00:00\" \/>\n<meta property=\"article:modified_time\" content=\"2018-01-28T21:33:23+00:00\" \/>\n<meta property=\"og:image\" content=\"https:\/\/leckerekekse.de\/wordpress\/wp-content\/uploads\/2016\/12\/IMG_1940.jpg\" \/>\n\t<meta property=\"og:image:width\" content=\"640\" \/>\n\t<meta property=\"og:image:height\" content=\"640\" \/>\n\t<meta property=\"og:image:type\" content=\"image\/jpeg\" \/>\n<meta name=\"author\" content=\"Astrid\" \/>\n<meta name=\"twitter:label1\" content=\"Verfasst von\" \/>\n\t<meta name=\"twitter:data1\" content=\"Astrid\" \/>\n\t<meta name=\"twitter:label2\" content=\"Gesch\u00e4tzte Lesezeit\" \/>\n\t<meta name=\"twitter:data2\" content=\"2\u00a0Minuten\" \/>\n<script type=\"application\/ld+json\" class=\"yoast-schema-graph\">{\"@context\":\"https:\\\/\\\/schema.org\",\"@graph\":[{\"@type\":\"Article\",\"@id\":\"https:\\\/\\\/leckerekekse.de\\\/wordpress\\\/petra-hartlieb-ein-winter-in-wien\\\/#article\",\"isPartOf\":{\"@id\":\"https:\\\/\\\/leckerekekse.de\\\/wordpress\\\/petra-hartlieb-ein-winter-in-wien\\\/\"},\"author\":{\"name\":\"Astrid\",\"@id\":\"https:\\\/\\\/leckerekekse.de\\\/wordpress\\\/#\\\/schema\\\/person\\\/8f45748de22f11ca6e316da813f59b85\"},\"headline\":\"Petra Hartlieb: Ein Winter in Wien\",\"datePublished\":\"2016-12-22T16:14:04+00:00\",\"dateModified\":\"2018-01-28T21:33:23+00:00\",\"mainEntityOfPage\":{\"@id\":\"https:\\\/\\\/leckerekekse.de\\\/wordpress\\\/petra-hartlieb-ein-winter-in-wien\\\/\"},\"wordCount\":445,\"commentCount\":0,\"publisher\":{\"@id\":\"https:\\\/\\\/leckerekekse.de\\\/wordpress\\\/#\\\/schema\\\/person\\\/8f45748de22f11ca6e316da813f59b85\"},\"image\":{\"@id\":\"https:\\\/\\\/leckerekekse.de\\\/wordpress\\\/petra-hartlieb-ein-winter-in-wien\\\/#primaryimage\"},\"thumbnailUrl\":\"https:\\\/\\\/leckerekekse.de\\\/wordpress\\\/wp-content\\\/uploads\\\/2016\\\/12\\\/IMG_1940.jpg\",\"keywords\":[\"Roman\",\"Weihnachten\",\"Wien\",\"Winter\"],\"articleSection\":[\"B\u00fccher\",\"Rezension\"],\"inLanguage\":\"de\",\"potentialAction\":[{\"@type\":\"CommentAction\",\"name\":\"Comment\",\"target\":[\"https:\\\/\\\/leckerekekse.de\\\/wordpress\\\/petra-hartlieb-ein-winter-in-wien\\\/#respond\"]}]},{\"@type\":\"WebPage\",\"@id\":\"https:\\\/\\\/leckerekekse.de\\\/wordpress\\\/petra-hartlieb-ein-winter-in-wien\\\/\",\"url\":\"https:\\\/\\\/leckerekekse.de\\\/wordpress\\\/petra-hartlieb-ein-winter-in-wien\\\/\",\"name\":\"Petra Hartlieb: Ein Winter in Wien | Leckere Kekse &amp; mehr\",\"isPartOf\":{\"@id\":\"https:\\\/\\\/leckerekekse.de\\\/wordpress\\\/#website\"},\"primaryImageOfPage\":{\"@id\":\"https:\\\/\\\/leckerekekse.de\\\/wordpress\\\/petra-hartlieb-ein-winter-in-wien\\\/#primaryimage\"},\"image\":{\"@id\":\"https:\\\/\\\/leckerekekse.de\\\/wordpress\\\/petra-hartlieb-ein-winter-in-wien\\\/#primaryimage\"},\"thumbnailUrl\":\"https:\\\/\\\/leckerekekse.de\\\/wordpress\\\/wp-content\\\/uploads\\\/2016\\\/12\\\/IMG_1940.jpg\",\"datePublished\":\"2016-12-22T16:14:04+00:00\",\"dateModified\":\"2018-01-28T21:33:23+00:00\",\"description\":\"Einen Roman hat Petra Hartlieb nun geschrieben \u2013 \u00fcber das alte Wien, \u00fcber die Familie von Arthur Schnitzler und deren Kinderm\u00e4dchen. Und \u00fcber B\u00fccher!\",\"breadcrumb\":{\"@id\":\"https:\\\/\\\/leckerekekse.de\\\/wordpress\\\/petra-hartlieb-ein-winter-in-wien\\\/#breadcrumb\"},\"inLanguage\":\"de\",\"potentialAction\":[{\"@type\":\"ReadAction\",\"target\":[\"https:\\\/\\\/leckerekekse.de\\\/wordpress\\\/petra-hartlieb-ein-winter-in-wien\\\/\"]}]},{\"@type\":\"ImageObject\",\"inLanguage\":\"de\",\"@id\":\"https:\\\/\\\/leckerekekse.de\\\/wordpress\\\/petra-hartlieb-ein-winter-in-wien\\\/#primaryimage\",\"url\":\"https:\\\/\\\/leckerekekse.de\\\/wordpress\\\/wp-content\\\/uploads\\\/2016\\\/12\\\/IMG_1940.jpg\",\"contentUrl\":\"https:\\\/\\\/leckerekekse.de\\\/wordpress\\\/wp-content\\\/uploads\\\/2016\\\/12\\\/IMG_1940.jpg\",\"width\":640,\"height\":640,\"caption\":\"Petra Hartlieb\"},{\"@type\":\"BreadcrumbList\",\"@id\":\"https:\\\/\\\/leckerekekse.de\\\/wordpress\\\/petra-hartlieb-ein-winter-in-wien\\\/#breadcrumb\",\"itemListElement\":[{\"@type\":\"ListItem\",\"position\":1,\"name\":\"Home\",\"item\":\"https:\\\/\\\/leckerekekse.de\\\/wordpress\\\/\"},{\"@type\":\"ListItem\",\"position\":2,\"name\":\"Petra Hartlieb: Ein Winter in Wien\"}]},{\"@type\":\"WebSite\",\"@id\":\"https:\\\/\\\/leckerekekse.de\\\/wordpress\\\/#website\",\"url\":\"https:\\\/\\\/leckerekekse.de\\\/wordpress\\\/\",\"name\":\"Leckere Kekse &amp; mehr\",\"description\":\"Kekse backen, B\u00fccher lesen und mehr\",\"publisher\":{\"@id\":\"https:\\\/\\\/leckerekekse.de\\\/wordpress\\\/#\\\/schema\\\/person\\\/8f45748de22f11ca6e316da813f59b85\"},\"potentialAction\":[{\"@type\":\"SearchAction\",\"target\":{\"@type\":\"EntryPoint\",\"urlTemplate\":\"https:\\\/\\\/leckerekekse.de\\\/wordpress\\\/?s={search_term_string}\"},\"query-input\":{\"@type\":\"PropertyValueSpecification\",\"valueRequired\":true,\"valueName\":\"search_term_string\"}}],\"inLanguage\":\"de\"},{\"@type\":[\"Person\",\"Organization\"],\"@id\":\"https:\\\/\\\/leckerekekse.de\\\/wordpress\\\/#\\\/schema\\\/person\\\/8f45748de22f11ca6e316da813f59b85\",\"name\":\"Astrid\",\"logo\":{\"@id\":\"https:\\\/\\\/leckerekekse.de\\\/wordpress\\\/#\\\/schema\\\/person\\\/image\\\/\"},\"sameAs\":[\"https:\\\/\\\/leckerekekse.de\\\/wordpress\"]}]}<\/script>\n<!-- \/ Yoast SEO plugin. -->","yoast_head_json":{"title":"Petra Hartlieb: Ein Winter in Wien | Leckere Kekse &amp; mehr","description":"Einen Roman hat Petra Hartlieb nun geschrieben \u2013 \u00fcber das alte Wien, \u00fcber die Familie von Arthur Schnitzler und deren Kinderm\u00e4dchen. Und \u00fcber B\u00fccher!","robots":{"index":"index","follow":"follow","max-snippet":"max-snippet:-1","max-image-preview":"max-image-preview:large","max-video-preview":"max-video-preview:-1"},"canonical":"https:\/\/leckerekekse.de\/wordpress\/petra-hartlieb-ein-winter-in-wien\/","og_locale":"de_DE","og_type":"article","og_title":"Petra Hartlieb: Ein Winter in Wien | Leckere Kekse &amp; mehr","og_description":"Einen Roman hat Petra Hartlieb nun geschrieben \u2013 \u00fcber das alte Wien, \u00fcber die Familie von Arthur Schnitzler und deren Kinderm\u00e4dchen. Und \u00fcber B\u00fccher!","og_url":"https:\/\/leckerekekse.de\/wordpress\/petra-hartlieb-ein-winter-in-wien\/","og_site_name":"Leckere Kekse &amp; mehr","article_published_time":"2016-12-22T16:14:04+00:00","article_modified_time":"2018-01-28T21:33:23+00:00","og_image":[{"width":640,"height":640,"url":"https:\/\/leckerekekse.de\/wordpress\/wp-content\/uploads\/2016\/12\/IMG_1940.jpg","type":"image\/jpeg"}],"author":"Astrid","twitter_misc":{"Verfasst von":"Astrid","Gesch\u00e4tzte Lesezeit":"2\u00a0Minuten"},"schema":{"@context":"https:\/\/schema.org","@graph":[{"@type":"Article","@id":"https:\/\/leckerekekse.de\/wordpress\/petra-hartlieb-ein-winter-in-wien\/#article","isPartOf":{"@id":"https:\/\/leckerekekse.de\/wordpress\/petra-hartlieb-ein-winter-in-wien\/"},"author":{"name":"Astrid","@id":"https:\/\/leckerekekse.de\/wordpress\/#\/schema\/person\/8f45748de22f11ca6e316da813f59b85"},"headline":"Petra Hartlieb: Ein Winter in Wien","datePublished":"2016-12-22T16:14:04+00:00","dateModified":"2018-01-28T21:33:23+00:00","mainEntityOfPage":{"@id":"https:\/\/leckerekekse.de\/wordpress\/petra-hartlieb-ein-winter-in-wien\/"},"wordCount":445,"commentCount":0,"publisher":{"@id":"https:\/\/leckerekekse.de\/wordpress\/#\/schema\/person\/8f45748de22f11ca6e316da813f59b85"},"image":{"@id":"https:\/\/leckerekekse.de\/wordpress\/petra-hartlieb-ein-winter-in-wien\/#primaryimage"},"thumbnailUrl":"https:\/\/leckerekekse.de\/wordpress\/wp-content\/uploads\/2016\/12\/IMG_1940.jpg","keywords":["Roman","Weihnachten","Wien","Winter"],"articleSection":["B\u00fccher","Rezension"],"inLanguage":"de","potentialAction":[{"@type":"CommentAction","name":"Comment","target":["https:\/\/leckerekekse.de\/wordpress\/petra-hartlieb-ein-winter-in-wien\/#respond"]}]},{"@type":"WebPage","@id":"https:\/\/leckerekekse.de\/wordpress\/petra-hartlieb-ein-winter-in-wien\/","url":"https:\/\/leckerekekse.de\/wordpress\/petra-hartlieb-ein-winter-in-wien\/","name":"Petra Hartlieb: Ein Winter in Wien | Leckere Kekse &amp; mehr","isPartOf":{"@id":"https:\/\/leckerekekse.de\/wordpress\/#website"},"primaryImageOfPage":{"@id":"https:\/\/leckerekekse.de\/wordpress\/petra-hartlieb-ein-winter-in-wien\/#primaryimage"},"image":{"@id":"https:\/\/leckerekekse.de\/wordpress\/petra-hartlieb-ein-winter-in-wien\/#primaryimage"},"thumbnailUrl":"https:\/\/leckerekekse.de\/wordpress\/wp-content\/uploads\/2016\/12\/IMG_1940.jpg","datePublished":"2016-12-22T16:14:04+00:00","dateModified":"2018-01-28T21:33:23+00:00","description":"Einen Roman hat Petra Hartlieb nun geschrieben \u2013 \u00fcber das alte Wien, \u00fcber die Familie von Arthur Schnitzler und deren Kinderm\u00e4dchen. Und \u00fcber B\u00fccher!","breadcrumb":{"@id":"https:\/\/leckerekekse.de\/wordpress\/petra-hartlieb-ein-winter-in-wien\/#breadcrumb"},"inLanguage":"de","potentialAction":[{"@type":"ReadAction","target":["https:\/\/leckerekekse.de\/wordpress\/petra-hartlieb-ein-winter-in-wien\/"]}]},{"@type":"ImageObject","inLanguage":"de","@id":"https:\/\/leckerekekse.de\/wordpress\/petra-hartlieb-ein-winter-in-wien\/#primaryimage","url":"https:\/\/leckerekekse.de\/wordpress\/wp-content\/uploads\/2016\/12\/IMG_1940.jpg","contentUrl":"https:\/\/leckerekekse.de\/wordpress\/wp-content\/uploads\/2016\/12\/IMG_1940.jpg","width":640,"height":640,"caption":"Petra Hartlieb"},{"@type":"BreadcrumbList","@id":"https:\/\/leckerekekse.de\/wordpress\/petra-hartlieb-ein-winter-in-wien\/#breadcrumb","itemListElement":[{"@type":"ListItem","position":1,"name":"Home","item":"https:\/\/leckerekekse.de\/wordpress\/"},{"@type":"ListItem","position":2,"name":"Petra Hartlieb: Ein Winter in Wien"}]},{"@type":"WebSite","@id":"https:\/\/leckerekekse.de\/wordpress\/#website","url":"https:\/\/leckerekekse.de\/wordpress\/","name":"Leckere Kekse &amp; mehr","description":"Kekse backen, B\u00fccher lesen und mehr","publisher":{"@id":"https:\/\/leckerekekse.de\/wordpress\/#\/schema\/person\/8f45748de22f11ca6e316da813f59b85"},"potentialAction":[{"@type":"SearchAction","target":{"@type":"EntryPoint","urlTemplate":"https:\/\/leckerekekse.de\/wordpress\/?s={search_term_string}"},"query-input":{"@type":"PropertyValueSpecification","valueRequired":true,"valueName":"search_term_string"}}],"inLanguage":"de"},{"@type":["Person","Organization"],"@id":"https:\/\/leckerekekse.de\/wordpress\/#\/schema\/person\/8f45748de22f11ca6e316da813f59b85","name":"Astrid","logo":{"@id":"https:\/\/leckerekekse.de\/wordpress\/#\/schema\/person\/image\/"},"sameAs":["https:\/\/leckerekekse.de\/wordpress"]}]}},"_links":{"self":[{"href":"https:\/\/leckerekekse.de\/wordpress\/wp-json\/wp\/v2\/posts\/7892","targetHints":{"allow":["GET"]}}],"collection":[{"href":"https:\/\/leckerekekse.de\/wordpress\/wp-json\/wp\/v2\/posts"}],"about":[{"href":"https:\/\/leckerekekse.de\/wordpress\/wp-json\/wp\/v2\/types\/post"}],"author":[{"embeddable":true,"href":"https:\/\/leckerekekse.de\/wordpress\/wp-json\/wp\/v2\/users\/1"}],"replies":[{"embeddable":true,"href":"https:\/\/leckerekekse.de\/wordpress\/wp-json\/wp\/v2\/comments?post=7892"}],"version-history":[{"count":3,"href":"https:\/\/leckerekekse.de\/wordpress\/wp-json\/wp\/v2\/posts\/7892\/revisions"}],"predecessor-version":[{"id":10885,"href":"https:\/\/leckerekekse.de\/wordpress\/wp-json\/wp\/v2\/posts\/7892\/revisions\/10885"}],"wp:featuredmedia":[{"embeddable":true,"href":"https:\/\/leckerekekse.de\/wordpress\/wp-json\/wp\/v2\/media\/7893"}],"wp:attachment":[{"href":"https:\/\/leckerekekse.de\/wordpress\/wp-json\/wp\/v2\/media?parent=7892"}],"wp:term":[{"taxonomy":"category","embeddable":true,"href":"https:\/\/leckerekekse.de\/wordpress\/wp-json\/wp\/v2\/categories?post=7892"},{"taxonomy":"post_tag","embeddable":true,"href":"https:\/\/leckerekekse.de\/wordpress\/wp-json\/wp\/v2\/tags?post=7892"}],"curies":[{"name":"wp","href":"https:\/\/api.w.org\/{rel}","templated":true}]}}