{"id":8592,"date":"2017-03-22T09:00:29","date_gmt":"2017-03-22T08:00:29","guid":{"rendered":"http:\/\/leckerekekse.de\/wordpress\/?p=8592"},"modified":"2017-03-26T11:17:20","modified_gmt":"2017-03-26T09:17:20","slug":"die-sache-mit-norma-rezension-sofi-oksanen","status":"publish","type":"post","link":"https:\/\/leckerekekse.de\/wordpress\/die-sache-mit-norma-rezension-sofi-oksanen\/","title":{"rendered":"[Rezension und Lesung]Die Sache mit Norma von Sofi Oksanen"},"content":{"rendered":"<p><img loading=\"lazy\" decoding=\"async\" class=\"size-full wp-image-8596 aligncenter\" src=\"https:\/\/leckerekekse.de\/wordpress\/wp-content\/uploads\/2017\/03\/die-sache-mit-norma-sofi-oksanen.jpg\" alt=\"Sofi Oksanen: Die Sache mit Norma, Rezension\" width=\"640\" height=\"476\" srcset=\"https:\/\/leckerekekse.de\/wordpress\/wp-content\/uploads\/2017\/03\/die-sache-mit-norma-sofi-oksanen.jpg 640w, https:\/\/leckerekekse.de\/wordpress\/wp-content\/uploads\/2017\/03\/die-sache-mit-norma-sofi-oksanen-300x223.jpg 300w\" sizes=\"auto, (max-width: 640px) 100vw, 640px\" \/><\/p>\n<h2 style=\"text-align: center;\">Haariges Buch von Sofi Oksanen<\/h2>\n<p>Norma hat ein Problem. Ihre Haare wachsen rasend schnell. Um nicht als Kuriosit\u00e4t in einer Art Zoo und als Sensation in einem Genlabor zu landen, versuchen sie und ihre Mutter Anita dies erfolgreich zu verbergen. Jetzt ist Norma schon drei\u00dfig und niemand ist ihr bisher auf die Schliche gekommen.<\/p>\n<p>Da stirbt Anita pl\u00f6tzlich. Selbstmord? Mord? Norma wird pl\u00f6tzlich von allen m\u00f6glichen Menschen bedr\u00e4ngt. Anita scheint noch weitere Geheimnisse geh\u00fctet zu haben.<\/p>\n<p>Norma versucht ihnen auf die Spur zu kommen und trotzdem frei und am Leben zu bleiben. Dazu taucht sie in das Leben ihrer Mutter und auch in das von Eva an, eine Ahnin, die die gleichen Haare hatte.<br \/>\n<!--more--><br \/>\nAnita hat ihr Videoaufzeichnungen \u00fcberlassen, in denen sie Norma erkl\u00e4rt, was damals mit Eva und auch sp\u00e4ter mit Anita passierte. Wie in einem Kriminalroman wird so die Spur der Ereignisse f\u00fcr den Leser nach und nach offengelegt.<\/p>\n<h4>Rapunzel<\/h4>\n<p>Rapunzel ist das Lieblingsm\u00e4rchen von Sofi Oksanen. Dadurch wurde sie zu diesem Roman inspiriert. Eigentlich hatte sie eine Kurzgeschichte im Sinn, doch die Geschichte wurde immer gr\u00f6\u00dfer.<\/p>\n<p>Den m\u00e4rchenhaften Charakter hat sie dem Roman erhalten. So wachsen Normas Haare nicht nur in wenigen Stunden meterlang, sondern sie warnen sie auch vor Gefahr, erkennen L\u00fcge und Verrat, k\u00f6nnen auch mal Leben retten oder nehmen. Die Haare geben ihr die F\u00e4higkeit Menschen \u201ezu riechen\u201c. Sie riecht was sie am Tag zuvor gegessen haben, welches Haustier sie haben, ob sie l\u00fcgen und ob sie bald sterben werden. Doch irgendwann trifft Norma auf einen Mann, bei dem dieser Radar nicht funktioniert\u2026<\/p>\n<p>Hauptthemen des Buches sind zwei Bereiche, die in unserer Gesellschaft immer mehr Raum einnehmen, \u00fcber die aber nicht offen gesprochen wird. Das Gesch\u00e4ft mit Echthaar und Leihmutterindustrie.<\/p>\n<p><img loading=\"lazy\" decoding=\"async\" class=\"size-full wp-image-8597 aligncenter\" src=\"https:\/\/leckerekekse.de\/wordpress\/wp-content\/uploads\/2017\/03\/sache-mit-norma-sofi-oksanen.jpg\" alt=\"Sofi Oksanen: Die Sache mit Norma, Rezension, KiWi \" width=\"640\" height=\"426\" srcset=\"https:\/\/leckerekekse.de\/wordpress\/wp-content\/uploads\/2017\/03\/sache-mit-norma-sofi-oksanen.jpg 640w, https:\/\/leckerekekse.de\/wordpress\/wp-content\/uploads\/2017\/03\/sache-mit-norma-sofi-oksanen-300x200.jpg 300w\" sizes=\"auto, (max-width: 640px) 100vw, 640px\" \/><\/p>\n<h4>Haarmafia<\/h4>\n<p>Viele prominente Frauen, so zum Beispiel Victoria Beckham, gehen morgens mit kurzen, abends mit langen Haaren in die \u00d6ffentlichkeit und die Medien. Wie funktioniert das? Durch Extensions. Nat\u00fcrlich mit Echthaar. Und woher kommt dieses Haar? Dar\u00fcber macht sich kaum einer Gedanken. Normales Haar w\u00e4chst ca. 1 cm im Monat. Da kann man sich ausrechnen, wie lange es dauert um eine veritablen Zopf zu z\u00fcchten. Viele arme Frauen verkaufen ihre Haare. Freiwillig um ihre Not zu lindern, oder gezwungenerma\u00dfen, weil ihre M\u00e4nner das Geld haben wollen.<\/p>\n<p>In Mittelamerika werden Frauen auf offener Stra\u00dfe von Haardieben die Z\u00f6pfe abgeschnitten. Einige Gef\u00e4ngnisse in L\u00e4ndern, in denen Menschenrechte wenig gelten, machen ein Gesch\u00e4ft damit, ihren Insassinnen die K\u00f6pfe zu rasieren und die Haare zu verscherbeln. Bitte denkt daran, wenn ihr mal auf die Idee kommt, euch Extensions aus Echthaar zu \u201eg\u00f6nnen\u201c. Als bestes Haar gilt \u201eukrainisches\u201c. Es ist blond und hat eine gute Struktur. Wieviel Ukrainerinnen lassen sich wohl freiwillig f\u00fcr ein paar Euro ihre Haare abschneiden? Aber ist das wirklich aus freien St\u00fccken? Im Buch wird beschrieben wie sich Kundinnen eines Friseursalons Sorge \u00fcber Sauberkeit der fremden Haare und L\u00e4use machen, aber niemand fragt wo die Haare herkommen, wie sie \u201egeerntet\u201c werden.<\/p>\n<p>Normas Haar hat genau diese gew\u00fcnschte Struktur. Mehr noch: es passt sich dem der neuen Tr\u00e4gerin perfekt an.<\/p>\n<p>Haare haben in der Kultur auch eine starke symbolische Bedeutung. So haben wir zum Beispiel viele Redewendungen mit Haaren: graue Haare wachsen lassen, an den Haaren herbeigezogen, kein Haar kr\u00fcmmen\u2026<\/p>\n<p>Haare sind etwas sehr Pers\u00f6nliches, jeder hat eine intime Beziehung zu seinen Haaren. Sie spielen in vielen Religionen eine Rolle. In der Bibel verliert Samson mit den Haaren seine Kraft. In der Lesung bei der LitCologne erz\u00e4hlte Oksanen, dass Navajo Indianer im Vietnamkrieg als Spurenleser sehr gesch\u00e4tzt wurden. Doch oft verloren sie ihre F\u00e4higkeiten, als ihnen bei Eintritt in die Army ein milit\u00e4rischer Haarschnitt verpasst wurde.<\/p>\n<h4>Leihm\u00fctter<\/h4>\n<p>Das andere Hauptthema ist Leihmutterindustrie. Ja, man kann dieses Wort verwenden. \u00dcberall auf der Welt gibt es Leihmutterkliniken. Dort leben Frauen, denen eine befruchtete Eizelle eingesetzt wird. Sie tragen das Kind aus und dann geht es weiter mit der n\u00e4chsten Schwangerschaft. Wie in einem Zuchtbetrieb. Im Buch ist die Rede von \u201eGeb\u00e4rmuttervermietungen in Hanoi\u201c. Nigeria hat diesen Wirtschaftszweig wohl auch f\u00fcr sich entdeckt.<\/p>\n<p>Es gibt einen Fall einer Frau aus Thailand, das Kind litt am Down-Syndrom und wurde vom \u201eKunden\u201c nicht abgenommen. Sie wurde mit dem behinderten, wei\u00dfen Kind allein gelassen und war damit vielen Anfeindungen ausgesetzt, von den finanziellen Problemen ganz zu schweigen. Da kann man sich nur fragen wie das passieren konnte. Denn die Kunden k\u00f6nnen bereits jetzt einige Eigenschaften des Kindes w\u00e4hlen und solche \u201eAnomalien\u201c k\u00f6nnen direkt ausgemerzt werden. Ebenso wie vorherige Geschlechterbestimmung, oder Auswahl von Fremdsamen, so dass alle Kinder gro\u00df, blond, blau\u00e4ugig und athletisch werden. So was hat jemand schon Mitte des letzten Jahrhunderts versucht.<\/p>\n<p><img loading=\"lazy\" decoding=\"async\" class=\"size-full wp-image-8598 aligncenter\" src=\"https:\/\/leckerekekse.de\/wordpress\/wp-content\/uploads\/2017\/03\/sofi-okasanen-sache-mit-norma.jpg\" alt=\"Sofi Oksanen: Die Sache mit Norma, Rezension, KiWi \" width=\"640\" height=\"480\" srcset=\"https:\/\/leckerekekse.de\/wordpress\/wp-content\/uploads\/2017\/03\/sofi-okasanen-sache-mit-norma.jpg 640w, https:\/\/leckerekekse.de\/wordpress\/wp-content\/uploads\/2017\/03\/sofi-okasanen-sache-mit-norma-300x225.jpg 300w\" sizes=\"auto, (max-width: 640px) 100vw, 640px\" \/><\/p>\n<h4>Zusammenhang<\/h4>\n<p>Beide Themen werden geschickt miteinander verkn\u00fcpft. Es sind die gleichen L\u00e4nder, in denen diese Gesch\u00e4fte florieren. So gibt es einige dieser Geb\u00e4rfabriken in Nigeria, dort ist der Markt mit Echthaar sehr gro\u00df, viele Nigerianerinnen sind Kunden.<\/p>\n<blockquote><p>Stellt euch vor wie lange es dauert, sich einen anst\u00e4ndigen Zopf wachsen zu lassen. Eine Schwangerschaft dauert dagegen nur neun Monate.<\/p><\/blockquote>\n<p>Beide Themen werden durch den herrschenden Sch\u00f6nheitswahn und Perfektionismus aufgestachelt. Jeder will sch\u00f6n sein, gerade von Frauen wird das zunehmend gesellschaftlich erwartet, und auch der Nachwuchs soll perfekt sein, um den Kindern das bestm\u00f6gliche Leben zu bescheren. Diese Verbindung\u00a0 wird auch im folgenden Zitat deutlich:<\/p>\n<h4>Lieblingsstelle<\/h4>\n<blockquote><p>Wer die Tr\u00e4ume beherrscht, der beherrscht die Welt. Wer die Haare beherrscht, der beherrscht die Frauen. Wer die Fortpflanzungsf\u00e4higkeit beherrscht, der beherrscht auch die M\u00e4nner. Wer die Frauen zufriedenstellt befriedigt auch die M\u00e4nner, und wer Menschen mit der Sehnsucht nach sch\u00f6nem Haar und niedlichen Babys infiziert, der ist der K\u00f6nig.<\/p><\/blockquote>\n<h4>Fazit<\/h4>\n<p>Sofi Oksanen hat es geschafft zwei kritische Themen mit einem Schuss Fantasy zu verbinden und hat eine spannende Geschichte \u00fcber starke und schwache Frauen verfasst die mich ziemlich mitgerissen hat. So entstand ein brisanter, feministischer Roman der vielleicht mit \u201emagischem Realismus\u201c klassifiziert werden k\u00f6nnte.<\/p>\n<h4>Die Lesung<\/h4>\n<p>Der Abend mit Sofi Oksanen fand in der K\u00f6lner Kulturkirche im Rahmen der LitCologne statt. Dies ist ein sehr sch\u00f6ner Ort f\u00fcr solche Veranstaltungen, mit einem unvergleichlichen Ambiente. Das Gespr\u00e4ch mit dem wunderbaren <a href=\"http:\/\/bernhard-robben.de\/\" target=\"_blank\">Bernhard Robben<\/a> (der echt Humor hat und sogar vor Publikum \u00fcber sich selbst lachen kann) wurde auf eine Leinwand \u00fcbertragen, mit weiteren Beamern gab es an anderen Kirchenw\u00e4nden Schriftz\u00fcge und Ornamente zum Buch aus Licht, was einen interessanten Kontrast zum Kircheninterieur brachte.<\/p>\n<p><img loading=\"lazy\" decoding=\"async\" class=\"size-full wp-image-8621 aligncenter\" src=\"https:\/\/leckerekekse.de\/wordpress\/wp-content\/uploads\/2017\/03\/IMG_3012.jpg\" alt=\"Sofie Oksanen: Die Sache mit Norma\" width=\"640\" height=\"480\" srcset=\"https:\/\/leckerekekse.de\/wordpress\/wp-content\/uploads\/2017\/03\/IMG_3012.jpg 640w, https:\/\/leckerekekse.de\/wordpress\/wp-content\/uploads\/2017\/03\/IMG_3012-300x225.jpg 300w\" sizes=\"auto, (max-width: 640px) 100vw, 640px\" \/><\/p>\n<p>Die beiden plauderten angeregt \u00fcber das Buch, Haarmafia, Leihm\u00fctterkliniken und die Symbolik der Namen im Buch. Denn Oksanen \u00fcberl\u00e4sst nichts dem Zufall. Sie assoziert den Vornamen Norma nicht nur mit der gleichnamigen Oper, sondern auch mit Norden und dem Wort normal. Wobei Norma einfach etwas fehlt um als normal gelten zu k\u00f6nnen.<\/p>\n<p>Auch tats\u00e4chliche F\u00e4lle von \u00fcberm\u00e4\u00dfigem Haarwuchs kamen zur Sprache. Die sieben Sullivan-Schwestern und\u00a0<a href=\"https:\/\/de.wikipedia.org\/wiki\/Elizabeth_Eleanor_Siddal\" target=\"_blank\">Elisabeth Siddal<\/a>. Alle Geschichten enden f\u00fcr die Frauen nicht gut, was vor allem an der Ausbeutung durch die M\u00e4nner in ihrem Leben lag.<\/p>\n<div id=\"attachment_8618\" style=\"width: 650px\" class=\"wp-caption aligncenter\"><img loading=\"lazy\" decoding=\"async\" aria-describedby=\"caption-attachment-8618\" class=\"size-full wp-image-8618\" src=\"https:\/\/leckerekekse.de\/wordpress\/wp-content\/uploads\/2017\/03\/sofi-oksanen.jpg\" alt=\"Sofie Oksanen: Die Sache mit Norma\" width=\"640\" height=\"480\" srcset=\"https:\/\/leckerekekse.de\/wordpress\/wp-content\/uploads\/2017\/03\/sofi-oksanen.jpg 640w, https:\/\/leckerekekse.de\/wordpress\/wp-content\/uploads\/2017\/03\/sofi-oksanen-300x225.jpg 300w\" sizes=\"auto, (max-width: 640px) 100vw, 640px\" \/><p id=\"caption-attachment-8618\" class=\"wp-caption-text\">It&#8217;s just hair<\/p><\/div>\n<p>Sofi Oksanen sieht zwar aus wie ein Paradiesvogel, ist aber eine ernsthafte Frau, die etwas ver\u00e4ndern will und sich stark engagiert. Klasse fand ich ihre Reaktion auf die Frage der Frau, die vor mir in der Signierschlange stand. Wie denn ihre Beziehung zu ihrem (doch recht auff\u00e4lligem) Kopfputz sei. \u201eIt\u2018s hair. Just hair.\u201c sagte sie.<\/p>\n<h6>Infos zum Buch<\/h6>\n<table width=\"640\">\n<tbody>\n<tr>\n<td width=\"320\"><img loading=\"lazy\" decoding=\"async\" class=\"aligncenter wp-image-8476 size-medium\" src=\"https:\/\/leckerekekse.de\/wordpress\/wp-content\/uploads\/2017\/02\/die-sache-mit-norma-183x300.jpg\" alt=\"Sofie Oksanen: Die Sache mit Norma\" width=\"183\" height=\"300\" srcset=\"https:\/\/leckerekekse.de\/wordpress\/wp-content\/uploads\/2017\/02\/die-sache-mit-norma-183x300.jpg 183w, https:\/\/leckerekekse.de\/wordpress\/wp-content\/uploads\/2017\/02\/die-sache-mit-norma.jpg 275w\" sizes=\"auto, (max-width: 183px) 100vw, 183px\" \/><\/td>\n<td style=\"text-align: left;\" width=\"320\">Sofi Oksanen<\/p>\n<p>Die Sache mit Norma<\/p>\n<p>\u00dcbersetzung: Stefan Moster<\/p>\n<p>Kiepenheuer &amp; Witsch<\/p>\n<p>352 Seiten<\/p>\n<p>ISBN: 978-3-462-31698-8<\/p>\n<p>[D] 18,99 \u20ac, gebundene Ausgabe<\/p>\n<p><a href=\"http:\/\/www.kiwi-verlag.de\/buch\/die-sache-mit-norma\/978-3-462-31698-8\/\" target=\"_blank\">Verlagsseite<\/a><\/td>\n<\/tr>\n<\/tbody>\n<\/table>\n","protected":false},"excerpt":{"rendered":"<p>Haariges Buch von Sofi Oksanen Norma hat ein Problem. Ihre Haare wachsen rasend schnell. Um nicht als Kuriosit\u00e4t in einer Art Zoo und als Sensation in einem Genlabor zu landen, versuchen sie und ihre Mutter Anita dies erfolgreich zu verbergen. Jetzt ist Norma schon drei\u00dfig und niemand ist ihr bisher auf die Schliche gekommen. Da [&hellip;]<\/p>\n","protected":false},"author":2,"featured_media":8598,"comment_status":"open","ping_status":"open","sticky":false,"template":"","format":"standard","meta":{"footnotes":""},"categories":[3,788],"tags":[753,958,959,960],"class_list":["post-8592","post","type-post","status-publish","format-standard","has-post-thumbnail","hentry","category-buecher","category-rezension","tag-feminismus","tag-finnland","tag-haare","tag-leihmutter"],"yoast_head":"<!-- This site is optimized with the Yoast SEO plugin v27.5 - https:\/\/yoast.com\/product\/yoast-seo-wordpress\/ -->\n<title>Sofi Oksanen: Die Sache mit Norma, Rezension und Lesung<\/title>\n<meta name=\"description\" content=\"Die Sache mit Norma: Sie ist eine Art modernes Rapunzel. Rezension des neuen Romans von Sofi Oksanen und Lesungsbericht.\" \/>\n<meta name=\"robots\" content=\"index, follow, max-snippet:-1, max-image-preview:large, max-video-preview:-1\" \/>\n<link rel=\"canonical\" href=\"https:\/\/leckerekekse.de\/wordpress\/die-sache-mit-norma-rezension-sofi-oksanen\/\" \/>\n<meta property=\"og:locale\" content=\"de_DE\" \/>\n<meta property=\"og:type\" content=\"article\" \/>\n<meta property=\"og:title\" content=\"Sofi Oksanen: Die Sache mit Norma, Rezension und Lesung\" \/>\n<meta property=\"og:description\" content=\"Die Sache mit Norma: Sie ist eine Art modernes Rapunzel. Rezension des neuen Romans von Sofi Oksanen und Lesungsbericht.\" \/>\n<meta property=\"og:url\" content=\"https:\/\/leckerekekse.de\/wordpress\/die-sache-mit-norma-rezension-sofi-oksanen\/\" \/>\n<meta property=\"og:site_name\" content=\"Leckere Kekse &amp; mehr\" \/>\n<meta property=\"article:published_time\" content=\"2017-03-22T08:00:29+00:00\" \/>\n<meta property=\"article:modified_time\" content=\"2017-03-26T09:17:20+00:00\" \/>\n<meta property=\"og:image\" content=\"https:\/\/leckerekekse.de\/wordpress\/wp-content\/uploads\/2017\/03\/sofi-okasanen-sache-mit-norma.jpg\" \/>\n\t<meta property=\"og:image:width\" content=\"640\" \/>\n\t<meta property=\"og:image:height\" content=\"480\" \/>\n\t<meta property=\"og:image:type\" content=\"image\/jpeg\" \/>\n<meta name=\"author\" content=\"Buchlieberin\" \/>\n<meta name=\"twitter:label1\" content=\"Verfasst von\" \/>\n\t<meta name=\"twitter:data1\" content=\"Buchlieberin\" \/>\n\t<meta name=\"twitter:label2\" content=\"Gesch\u00e4tzte Lesezeit\" \/>\n\t<meta name=\"twitter:data2\" content=\"6\u00a0Minuten\" \/>\n<script type=\"application\/ld+json\" class=\"yoast-schema-graph\">{\"@context\":\"https:\\\/\\\/schema.org\",\"@graph\":[{\"@type\":\"Article\",\"@id\":\"https:\\\/\\\/leckerekekse.de\\\/wordpress\\\/die-sache-mit-norma-rezension-sofi-oksanen\\\/#article\",\"isPartOf\":{\"@id\":\"https:\\\/\\\/leckerekekse.de\\\/wordpress\\\/die-sache-mit-norma-rezension-sofi-oksanen\\\/\"},\"author\":{\"name\":\"Buchlieberin\",\"@id\":\"https:\\\/\\\/leckerekekse.de\\\/wordpress\\\/#\\\/schema\\\/person\\\/161a8971fdc6b42b40eb2cf476f78939\"},\"headline\":\"[Rezension und Lesung]Die Sache mit Norma von Sofi Oksanen\",\"datePublished\":\"2017-03-22T08:00:29+00:00\",\"dateModified\":\"2017-03-26T09:17:20+00:00\",\"mainEntityOfPage\":{\"@id\":\"https:\\\/\\\/leckerekekse.de\\\/wordpress\\\/die-sache-mit-norma-rezension-sofi-oksanen\\\/\"},\"wordCount\":1308,\"commentCount\":2,\"publisher\":{\"@id\":\"https:\\\/\\\/leckerekekse.de\\\/wordpress\\\/#\\\/schema\\\/person\\\/8f45748de22f11ca6e316da813f59b85\"},\"image\":{\"@id\":\"https:\\\/\\\/leckerekekse.de\\\/wordpress\\\/die-sache-mit-norma-rezension-sofi-oksanen\\\/#primaryimage\"},\"thumbnailUrl\":\"https:\\\/\\\/leckerekekse.de\\\/wordpress\\\/wp-content\\\/uploads\\\/2017\\\/03\\\/sofi-okasanen-sache-mit-norma.jpg\",\"keywords\":[\"Feminismus\",\"Finnland\",\"Haare\",\"Leihmutter\"],\"articleSection\":[\"B\u00fccher\",\"Rezension\"],\"inLanguage\":\"de\",\"potentialAction\":[{\"@type\":\"CommentAction\",\"name\":\"Comment\",\"target\":[\"https:\\\/\\\/leckerekekse.de\\\/wordpress\\\/die-sache-mit-norma-rezension-sofi-oksanen\\\/#respond\"]}]},{\"@type\":\"WebPage\",\"@id\":\"https:\\\/\\\/leckerekekse.de\\\/wordpress\\\/die-sache-mit-norma-rezension-sofi-oksanen\\\/\",\"url\":\"https:\\\/\\\/leckerekekse.de\\\/wordpress\\\/die-sache-mit-norma-rezension-sofi-oksanen\\\/\",\"name\":\"Sofi Oksanen: Die Sache mit Norma, Rezension und Lesung\",\"isPartOf\":{\"@id\":\"https:\\\/\\\/leckerekekse.de\\\/wordpress\\\/#website\"},\"primaryImageOfPage\":{\"@id\":\"https:\\\/\\\/leckerekekse.de\\\/wordpress\\\/die-sache-mit-norma-rezension-sofi-oksanen\\\/#primaryimage\"},\"image\":{\"@id\":\"https:\\\/\\\/leckerekekse.de\\\/wordpress\\\/die-sache-mit-norma-rezension-sofi-oksanen\\\/#primaryimage\"},\"thumbnailUrl\":\"https:\\\/\\\/leckerekekse.de\\\/wordpress\\\/wp-content\\\/uploads\\\/2017\\\/03\\\/sofi-okasanen-sache-mit-norma.jpg\",\"datePublished\":\"2017-03-22T08:00:29+00:00\",\"dateModified\":\"2017-03-26T09:17:20+00:00\",\"description\":\"Die Sache mit Norma: Sie ist eine Art modernes Rapunzel. Rezension des neuen Romans von Sofi Oksanen und Lesungsbericht.\",\"breadcrumb\":{\"@id\":\"https:\\\/\\\/leckerekekse.de\\\/wordpress\\\/die-sache-mit-norma-rezension-sofi-oksanen\\\/#breadcrumb\"},\"inLanguage\":\"de\",\"potentialAction\":[{\"@type\":\"ReadAction\",\"target\":[\"https:\\\/\\\/leckerekekse.de\\\/wordpress\\\/die-sache-mit-norma-rezension-sofi-oksanen\\\/\"]}]},{\"@type\":\"ImageObject\",\"inLanguage\":\"de\",\"@id\":\"https:\\\/\\\/leckerekekse.de\\\/wordpress\\\/die-sache-mit-norma-rezension-sofi-oksanen\\\/#primaryimage\",\"url\":\"https:\\\/\\\/leckerekekse.de\\\/wordpress\\\/wp-content\\\/uploads\\\/2017\\\/03\\\/sofi-okasanen-sache-mit-norma.jpg\",\"contentUrl\":\"https:\\\/\\\/leckerekekse.de\\\/wordpress\\\/wp-content\\\/uploads\\\/2017\\\/03\\\/sofi-okasanen-sache-mit-norma.jpg\",\"width\":640,\"height\":480,\"caption\":\"Sofi Oksanen: Die Sache mit Norma, Rezension, KiWi\"},{\"@type\":\"BreadcrumbList\",\"@id\":\"https:\\\/\\\/leckerekekse.de\\\/wordpress\\\/die-sache-mit-norma-rezension-sofi-oksanen\\\/#breadcrumb\",\"itemListElement\":[{\"@type\":\"ListItem\",\"position\":1,\"name\":\"Home\",\"item\":\"https:\\\/\\\/leckerekekse.de\\\/wordpress\\\/\"},{\"@type\":\"ListItem\",\"position\":2,\"name\":\"[Rezension und Lesung]Die Sache mit Norma von Sofi Oksanen\"}]},{\"@type\":\"WebSite\",\"@id\":\"https:\\\/\\\/leckerekekse.de\\\/wordpress\\\/#website\",\"url\":\"https:\\\/\\\/leckerekekse.de\\\/wordpress\\\/\",\"name\":\"Leckere Kekse &amp; mehr\",\"description\":\"Kekse backen, B\u00fccher lesen und mehr\",\"publisher\":{\"@id\":\"https:\\\/\\\/leckerekekse.de\\\/wordpress\\\/#\\\/schema\\\/person\\\/8f45748de22f11ca6e316da813f59b85\"},\"potentialAction\":[{\"@type\":\"SearchAction\",\"target\":{\"@type\":\"EntryPoint\",\"urlTemplate\":\"https:\\\/\\\/leckerekekse.de\\\/wordpress\\\/?s={search_term_string}\"},\"query-input\":{\"@type\":\"PropertyValueSpecification\",\"valueRequired\":true,\"valueName\":\"search_term_string\"}}],\"inLanguage\":\"de\"},{\"@type\":[\"Person\",\"Organization\"],\"@id\":\"https:\\\/\\\/leckerekekse.de\\\/wordpress\\\/#\\\/schema\\\/person\\\/8f45748de22f11ca6e316da813f59b85\",\"name\":\"Astrid\",\"logo\":{\"@id\":\"https:\\\/\\\/leckerekekse.de\\\/wordpress\\\/#\\\/schema\\\/person\\\/image\\\/\"},\"sameAs\":[\"https:\\\/\\\/leckerekekse.de\\\/wordpress\"]},{\"@type\":\"Person\",\"@id\":\"https:\\\/\\\/leckerekekse.de\\\/wordpress\\\/#\\\/schema\\\/person\\\/161a8971fdc6b42b40eb2cf476f78939\",\"name\":\"Buchlieberin\",\"sameAs\":[\"https:\\\/\\\/leckerekekse.de\\\/wordpress\"]}]}<\/script>\n<!-- \/ Yoast SEO plugin. -->","yoast_head_json":{"title":"Sofi Oksanen: Die Sache mit Norma, Rezension und Lesung","description":"Die Sache mit Norma: Sie ist eine Art modernes Rapunzel. Rezension des neuen Romans von Sofi Oksanen und Lesungsbericht.","robots":{"index":"index","follow":"follow","max-snippet":"max-snippet:-1","max-image-preview":"max-image-preview:large","max-video-preview":"max-video-preview:-1"},"canonical":"https:\/\/leckerekekse.de\/wordpress\/die-sache-mit-norma-rezension-sofi-oksanen\/","og_locale":"de_DE","og_type":"article","og_title":"Sofi Oksanen: Die Sache mit Norma, Rezension und Lesung","og_description":"Die Sache mit Norma: Sie ist eine Art modernes Rapunzel. Rezension des neuen Romans von Sofi Oksanen und Lesungsbericht.","og_url":"https:\/\/leckerekekse.de\/wordpress\/die-sache-mit-norma-rezension-sofi-oksanen\/","og_site_name":"Leckere Kekse &amp; mehr","article_published_time":"2017-03-22T08:00:29+00:00","article_modified_time":"2017-03-26T09:17:20+00:00","og_image":[{"width":640,"height":480,"url":"https:\/\/leckerekekse.de\/wordpress\/wp-content\/uploads\/2017\/03\/sofi-okasanen-sache-mit-norma.jpg","type":"image\/jpeg"}],"author":"Buchlieberin","twitter_misc":{"Verfasst von":"Buchlieberin","Gesch\u00e4tzte Lesezeit":"6\u00a0Minuten"},"schema":{"@context":"https:\/\/schema.org","@graph":[{"@type":"Article","@id":"https:\/\/leckerekekse.de\/wordpress\/die-sache-mit-norma-rezension-sofi-oksanen\/#article","isPartOf":{"@id":"https:\/\/leckerekekse.de\/wordpress\/die-sache-mit-norma-rezension-sofi-oksanen\/"},"author":{"name":"Buchlieberin","@id":"https:\/\/leckerekekse.de\/wordpress\/#\/schema\/person\/161a8971fdc6b42b40eb2cf476f78939"},"headline":"[Rezension und Lesung]Die Sache mit Norma von Sofi Oksanen","datePublished":"2017-03-22T08:00:29+00:00","dateModified":"2017-03-26T09:17:20+00:00","mainEntityOfPage":{"@id":"https:\/\/leckerekekse.de\/wordpress\/die-sache-mit-norma-rezension-sofi-oksanen\/"},"wordCount":1308,"commentCount":2,"publisher":{"@id":"https:\/\/leckerekekse.de\/wordpress\/#\/schema\/person\/8f45748de22f11ca6e316da813f59b85"},"image":{"@id":"https:\/\/leckerekekse.de\/wordpress\/die-sache-mit-norma-rezension-sofi-oksanen\/#primaryimage"},"thumbnailUrl":"https:\/\/leckerekekse.de\/wordpress\/wp-content\/uploads\/2017\/03\/sofi-okasanen-sache-mit-norma.jpg","keywords":["Feminismus","Finnland","Haare","Leihmutter"],"articleSection":["B\u00fccher","Rezension"],"inLanguage":"de","potentialAction":[{"@type":"CommentAction","name":"Comment","target":["https:\/\/leckerekekse.de\/wordpress\/die-sache-mit-norma-rezension-sofi-oksanen\/#respond"]}]},{"@type":"WebPage","@id":"https:\/\/leckerekekse.de\/wordpress\/die-sache-mit-norma-rezension-sofi-oksanen\/","url":"https:\/\/leckerekekse.de\/wordpress\/die-sache-mit-norma-rezension-sofi-oksanen\/","name":"Sofi Oksanen: Die Sache mit Norma, Rezension und Lesung","isPartOf":{"@id":"https:\/\/leckerekekse.de\/wordpress\/#website"},"primaryImageOfPage":{"@id":"https:\/\/leckerekekse.de\/wordpress\/die-sache-mit-norma-rezension-sofi-oksanen\/#primaryimage"},"image":{"@id":"https:\/\/leckerekekse.de\/wordpress\/die-sache-mit-norma-rezension-sofi-oksanen\/#primaryimage"},"thumbnailUrl":"https:\/\/leckerekekse.de\/wordpress\/wp-content\/uploads\/2017\/03\/sofi-okasanen-sache-mit-norma.jpg","datePublished":"2017-03-22T08:00:29+00:00","dateModified":"2017-03-26T09:17:20+00:00","description":"Die Sache mit Norma: Sie ist eine Art modernes Rapunzel. Rezension des neuen Romans von Sofi Oksanen und Lesungsbericht.","breadcrumb":{"@id":"https:\/\/leckerekekse.de\/wordpress\/die-sache-mit-norma-rezension-sofi-oksanen\/#breadcrumb"},"inLanguage":"de","potentialAction":[{"@type":"ReadAction","target":["https:\/\/leckerekekse.de\/wordpress\/die-sache-mit-norma-rezension-sofi-oksanen\/"]}]},{"@type":"ImageObject","inLanguage":"de","@id":"https:\/\/leckerekekse.de\/wordpress\/die-sache-mit-norma-rezension-sofi-oksanen\/#primaryimage","url":"https:\/\/leckerekekse.de\/wordpress\/wp-content\/uploads\/2017\/03\/sofi-okasanen-sache-mit-norma.jpg","contentUrl":"https:\/\/leckerekekse.de\/wordpress\/wp-content\/uploads\/2017\/03\/sofi-okasanen-sache-mit-norma.jpg","width":640,"height":480,"caption":"Sofi Oksanen: Die Sache mit Norma, Rezension, KiWi"},{"@type":"BreadcrumbList","@id":"https:\/\/leckerekekse.de\/wordpress\/die-sache-mit-norma-rezension-sofi-oksanen\/#breadcrumb","itemListElement":[{"@type":"ListItem","position":1,"name":"Home","item":"https:\/\/leckerekekse.de\/wordpress\/"},{"@type":"ListItem","position":2,"name":"[Rezension und Lesung]Die Sache mit Norma von Sofi Oksanen"}]},{"@type":"WebSite","@id":"https:\/\/leckerekekse.de\/wordpress\/#website","url":"https:\/\/leckerekekse.de\/wordpress\/","name":"Leckere Kekse &amp; mehr","description":"Kekse backen, B\u00fccher lesen und mehr","publisher":{"@id":"https:\/\/leckerekekse.de\/wordpress\/#\/schema\/person\/8f45748de22f11ca6e316da813f59b85"},"potentialAction":[{"@type":"SearchAction","target":{"@type":"EntryPoint","urlTemplate":"https:\/\/leckerekekse.de\/wordpress\/?s={search_term_string}"},"query-input":{"@type":"PropertyValueSpecification","valueRequired":true,"valueName":"search_term_string"}}],"inLanguage":"de"},{"@type":["Person","Organization"],"@id":"https:\/\/leckerekekse.de\/wordpress\/#\/schema\/person\/8f45748de22f11ca6e316da813f59b85","name":"Astrid","logo":{"@id":"https:\/\/leckerekekse.de\/wordpress\/#\/schema\/person\/image\/"},"sameAs":["https:\/\/leckerekekse.de\/wordpress"]},{"@type":"Person","@id":"https:\/\/leckerekekse.de\/wordpress\/#\/schema\/person\/161a8971fdc6b42b40eb2cf476f78939","name":"Buchlieberin","sameAs":["https:\/\/leckerekekse.de\/wordpress"]}]}},"_links":{"self":[{"href":"https:\/\/leckerekekse.de\/wordpress\/wp-json\/wp\/v2\/posts\/8592","targetHints":{"allow":["GET"]}}],"collection":[{"href":"https:\/\/leckerekekse.de\/wordpress\/wp-json\/wp\/v2\/posts"}],"about":[{"href":"https:\/\/leckerekekse.de\/wordpress\/wp-json\/wp\/v2\/types\/post"}],"author":[{"embeddable":true,"href":"https:\/\/leckerekekse.de\/wordpress\/wp-json\/wp\/v2\/users\/2"}],"replies":[{"embeddable":true,"href":"https:\/\/leckerekekse.de\/wordpress\/wp-json\/wp\/v2\/comments?post=8592"}],"version-history":[{"count":4,"href":"https:\/\/leckerekekse.de\/wordpress\/wp-json\/wp\/v2\/posts\/8592\/revisions"}],"predecessor-version":[{"id":8636,"href":"https:\/\/leckerekekse.de\/wordpress\/wp-json\/wp\/v2\/posts\/8592\/revisions\/8636"}],"wp:featuredmedia":[{"embeddable":true,"href":"https:\/\/leckerekekse.de\/wordpress\/wp-json\/wp\/v2\/media\/8598"}],"wp:attachment":[{"href":"https:\/\/leckerekekse.de\/wordpress\/wp-json\/wp\/v2\/media?parent=8592"}],"wp:term":[{"taxonomy":"category","embeddable":true,"href":"https:\/\/leckerekekse.de\/wordpress\/wp-json\/wp\/v2\/categories?post=8592"},{"taxonomy":"post_tag","embeddable":true,"href":"https:\/\/leckerekekse.de\/wordpress\/wp-json\/wp\/v2\/tags?post=8592"}],"curies":[{"name":"wp","href":"https:\/\/api.w.org\/{rel}","templated":true}]}}