{"id":8971,"date":"2017-06-04T09:03:32","date_gmt":"2017-06-04T07:03:32","guid":{"rendered":"https:\/\/leckerekekse.de\/wordpress\/?p=8971"},"modified":"2019-02-19T12:46:52","modified_gmt":"2019-02-19T11:46:52","slug":"rezension-und-dann-steht-einer-auf","status":"publish","type":"post","link":"https:\/\/leckerekekse.de\/wordpress\/rezension-und-dann-steht-einer-auf\/","title":{"rendered":"[Interview + Rezension]: Und dann steht einer auf und \u00f6ffnet das Fenster"},"content":{"rendered":"<h3><img loading=\"lazy\" decoding=\"async\" class=\"aligncenter size-full wp-image-8975\" src=\"https:\/\/leckerekekse.de\/wordpress\/wp-content\/uploads\/2017\/05\/Und-dann-steht-einer-auf-fenster.jpg\" alt=\"Und dann steht einer auf und \u00f6ffnet das Fenster\" width=\"640\" height=\"480\" srcset=\"https:\/\/leckerekekse.de\/wordpress\/wp-content\/uploads\/2017\/05\/Und-dann-steht-einer-auf-fenster.jpg 640w, https:\/\/leckerekekse.de\/wordpress\/wp-content\/uploads\/2017\/05\/Und-dann-steht-einer-auf-fenster-300x225.jpg 300w\" sizes=\"auto, (max-width: 640px) 100vw, 640px\" \/>Merkt Ihr was?<\/h3>\n<p>Silvia und ich lesen immer h\u00e4ufiger die gleichen B\u00fccher! Das kam fr\u00fcher \u00e4u\u00dferst selten vor. Aber seit wir diesen Blog gemeinsam schreiben, lesen wir auch manchmal die gleichen B\u00fccher. Ob das bei Blogpartnern so \u00e4hnlich ist wie bei alten Ehepaaren oder bei Hunden und Hundebesitzern? Gleichen wir uns immer mehr an, was den Buchgeschmack angeht?<\/p>\n<p>Bei diesem Buch war es vorauszuahnen. Wir haben auf der Leipziger Buchmesse die Autorin kennen und sch\u00e4tzen gelernt.<\/p>\n<p><img loading=\"lazy\" decoding=\"async\" class=\"aligncenter size-full wp-image-8974\" src=\"https:\/\/leckerekekse.de\/wordpress\/wp-content\/uploads\/2017\/05\/LBM-Susann-Pasztor.jpg\" alt=\"Autorin Susann Pasztor\" width=\"427\" height=\"640\" srcset=\"https:\/\/leckerekekse.de\/wordpress\/wp-content\/uploads\/2017\/05\/LBM-Susann-Pasztor.jpg 427w, https:\/\/leckerekekse.de\/wordpress\/wp-content\/uploads\/2017\/05\/LBM-Susann-Pasztor-200x300.jpg 200w\" sizes=\"auto, (max-width: 427px) 100vw, 427px\" \/><\/p>\n<h3>Inhalt<\/h3>\n<p>Fred ist alleinerziehender Vater eines 13j\u00e4hrigen, Angestellter und Sterbebegleiter. Bei seinem ersten Einsatz trifft er auf Karla, die mit 60 Jahren nur noch wenige Monate zu leben hat. Eine selbstbewu\u00dfte Frau, die lange im Ausland gelebt hat und nun zum Sterben zur\u00fcck nach Deutschland gekommen ist. Sie hat keinen Kontakt mehr zu ihrer Familie und Fred ist bem\u00fcht, ihr einen w\u00fcrdigen Abschied zu erm\u00f6glichen. Es braucht lange bis die beiden eine ebenb\u00fcrtige Beziehung miteinander eingehen. Auch Phil, Freds Sohn, wird auf ungew\u00f6hnliche Weise mit in den Sterbeprozess von Karla eingebunden.<\/p>\n<h3>Interview<\/h3>\n<p><strong>Astrid<\/strong>: Ich war mir gar nicht so sicher, ob ich dieses Buch lesen wollte. Eigentlich war mir gar nicht nach einem traurigen Buch und ich habe wirklich lange dar\u00fcber nachgedacht. Aber dann\u00a0war es ja gar nicht traurig.<\/p>\n<p><strong>Silvia<\/strong>: Nein, traurig war es nicht, ich war \u00fcberrascht wie dieses Thema so leicht aufbereitet werden kann. Eine Tante von mir befindet sich gerde in der Ausbildung zur Sterbebegleiterin. Sie ist frisch im Ruhestand und m\u00f6chte gerne in einem nahegelegenen Hospiz arbeiten, deshalb habe ich mich direkt f\u00fcr das Buch interessiert. Ich bin schon sehr gespannt, was meine Tante zu dem Buch sagt. Ich werde es ihr zum Geburtstag schenken<\/p>\n<p><strong>Astrid<\/strong>: In diesem Roman geht es nicht nur ums Sterben. Es geht auch um eine Vater-Sohn-Beziehung. Phil ist 13 und schreibt Gedichte. Seinen Vater l\u00e4sst er nicht an sich ran, obwohl Fred sich viel M\u00fche gibt und sogar Erziehungsratgeber liest. Durch einen Zufall kommen die beiden sich langsam wieder n\u00e4her.\u00a0Sehr einf\u00fchlsam geschrieben und absolut glaubw\u00fcrdig. Oder?<\/p>\n<p><strong>Silvia<\/strong>: Ja, dieser Part gefiel mir auch ganz gut. Zum Beispiel das &#8222;W\u00f6rterkrankenhaus&#8220;, in das Phil &#8222;unheilbar erkrankte&#8220; W\u00f6rter einwies. Auch die Entwicklung, die Phil selbst in dem Buch mitmacht. Wie er innerlich und \u00e4usserlich w\u00e4chst. Meine T\u00f6chter sind 16 und 14, sie machen auch sehr starke Entwicklungen durch, die mich nur staunen lassen.<\/p>\n<p><strong>Astrid<\/strong>: Sch\u00f6n, dass sich mal jemand getraut hat, einen Teenie in eine Sterbegeschichte hineinzuschreiben. Leider werden Kinder heutzutage immer sehr geschont. Gerade der Tod wird so weit wie m\u00f6glich von ihnen ferngehalten. Ob das immer richtig ist, bezweifle ich. Ich glaube ja, dass Kinder zu viel mehr in der Lage sind als wir Eltern h\u00e4ufig glauben. Du bist da eher zur\u00fcckhaltend, stimmt&#8217;s?<\/p>\n<p><img loading=\"lazy\" decoding=\"async\" class=\"aligncenter size-full wp-image-8976\" src=\"https:\/\/leckerekekse.de\/wordpress\/wp-content\/uploads\/2017\/05\/Fenster.jpg\" alt=\"Und dann steht einer auf und \u00f6ffnet das Fenster\" width=\"640\" height=\"480\" srcset=\"https:\/\/leckerekekse.de\/wordpress\/wp-content\/uploads\/2017\/05\/Fenster.jpg 640w, https:\/\/leckerekekse.de\/wordpress\/wp-content\/uploads\/2017\/05\/Fenster-300x225.jpg 300w\" sizes=\"auto, (max-width: 640px) 100vw, 640px\" \/><\/p>\n<p><strong>Silvia<\/strong>: Ich \u00fcberlasse es meinen T\u00f6chtern, wie sie sich mit dem Thema auseinandersetzen. Beide waren zum Beispiel letztes Jahr nicht in der Lage mich im Krankenhaus zu besuchen, sie hatten Angst mich hilflos zu sehen. Doch meine j\u00fcngere Tochter setzt sich sehr wohl mit dem Tod auseinander und nutzt auch Beerdigungen um ihren Gef\u00fchlen freien Lauf zu lassen und um Abschied zu nehmen. Die \u00c4ltere geht ganz anders damit um.<\/p>\n<p><strong>Astrid<\/strong>: Mir geht dieses Buch gar nicht mehr aus dem Kopf. Ich denke immer wieder daran. Nat\u00fcrlich h\u00e4ufig, wenn im Alltag \u00fcber das Thema Sterben gesprochen wird. Ich habe es schon vielen Freunden empfohlen. Gerade das Ende hat mich mit meinen eigenen Gedanken \u00fcbers Sterben sehr vers\u00f6hnt. Es gibt mir eine Perspektive, die mir gef\u00e4llt. Wie lange wirkte dieses Buch bei dir\u00a0nach? Bei dir ist das Lesen ja schon viel l\u00e4nger her.<\/p>\n<p><strong>Silvia<\/strong>: Es hat mich zu vielen Gedankenspielen angeregt. Wie w\u00fcrde ich selbst damit umgehen? K\u00f6nnte ich mir eine solche Aufgabe zutrauen? Wie werde ich mal begleitet wenn es soweit ist? Ich bin froh, dass wir vieles nicht wissen. Aber ja, das Buch begegnet mir oft in meinen Gedanken.<\/p>\n<p><strong>Astrid<\/strong>:\u00a0Der Titel gef\u00e4llt mir wirklich gut. Mir ist die Bedeutung aber lange verborgen geblieben. Und f\u00fcr uns Blogger ist er ziemlich schwer zu verarbeiten. Die URL wird bei diesem Beitrag viel zu lang werden. Vor allem f\u00fcr Twitter ist dieser Titel nicht zu nutzen, oder? Hast du mit dem Titel bereits die 140 Zeichen voll? Meinst Du, die Verlagsleute sollten das in Zukunft mehr ber\u00fccksichtigen?<\/p>\n<p><strong>Silvia<\/strong>: Lach, ja f\u00fcr Twitter ist der Titel zu lang! Auf der R\u00fcckfahrt von Leipzig traf ich noch eine Kiwi-Frau beim Umsteigen in Frankfurt. Sie meinte \u00fcber den Titel wurde in der Redaktion lange diskutiert, lange Titel sind wohl auch oft problematisch. Doch dieses Bild, dass auch im Buch beschrieben wird, ist einfach so passend und sch\u00f6n: ich finde den Titel toll, trotz der eingeschr\u00e4nkten M\u00f6glichkeiten bei Twitter ;))<\/p>\n<h3>Fazit<\/h3>\n<p>Ein Buch, dass ein schwieriges Thema leicht r\u00fcberbringt ohne l\u00e4cherlich oder kitschig zu werden. Es enth\u00e4lt einige sehr gut gezeichnete Chraktere, die mir mal wieder zeigten, dass ich nicht vorschnell urteilen darf. Es eignet sich f\u00fcr alle Altersgruppen ab 16 Jahren. Das Thema Sterben wird in unserer Gesellschaft oft tabuisiert, dieses Buch zeigt, wie man dagegen angehen kann.<\/p>\n<p>&nbsp;<\/p>\n<p><img loading=\"lazy\" decoding=\"async\" class=\"aligncenter size-full wp-image-6979\" src=\"https:\/\/leckerekekse.de\/wordpress\/wp-content\/uploads\/2016\/09\/Signatur-Astrid-Silvia.png\" alt=\"\" width=\"566\" height=\"283\" srcset=\"https:\/\/leckerekekse.de\/wordpress\/wp-content\/uploads\/2016\/09\/Signatur-Astrid-Silvia.png 566w, https:\/\/leckerekekse.de\/wordpress\/wp-content\/uploads\/2016\/09\/Signatur-Astrid-Silvia-300x150.png 300w\" sizes=\"auto, (max-width: 566px) 100vw, 566px\" \/><\/p>\n<h3>BUCHDATEN<\/h3>\n<table width=\"640\">\n<tbody>\n<tr>\n<td width=\"320\"><img loading=\"lazy\" decoding=\"async\" class=\"aligncenter size-medium wp-image-8972\" src=\"https:\/\/leckerekekse.de\/wordpress\/wp-content\/uploads\/2017\/05\/9783462048704-182x300.jpg\" alt=\"Und dann steht einer auf und \u00f6ffnet das Fenster\" width=\"182\" height=\"300\" srcset=\"https:\/\/leckerekekse.de\/wordpress\/wp-content\/uploads\/2017\/05\/9783462048704-182x300.jpg 182w, https:\/\/leckerekekse.de\/wordpress\/wp-content\/uploads\/2017\/05\/9783462048704.jpg 275w\" sizes=\"auto, (max-width: 182px) 100vw, 182px\" \/><\/td>\n<td width=\"320\">\n<h3>Susann P\u00e1sztor<\/h3>\n<h2>Und dann steht einer auf und \u00f6ffnet das Fenster<\/h2>\n<p>Gebundenes Buch,<\/p>\n<p>288\u00a0Seiten,<\/p>\n<p>ISBN: 978-3-462-04870-4<\/p>\n<p>\u20ac\u00a020,00<\/p>\n<p>Verlag: Kiepenheuer&amp;Witsch<\/p>\n<p>&nbsp;<\/td>\n<\/tr>\n<\/tbody>\n<\/table>\n","protected":false},"excerpt":{"rendered":"<p>Merkt Ihr was? Silvia und ich lesen immer h\u00e4ufiger die gleichen B\u00fccher! Das kam fr\u00fcher \u00e4u\u00dferst selten vor. Aber seit wir diesen Blog gemeinsam schreiben, lesen wir auch manchmal die gleichen B\u00fccher. Ob das bei Blogpartnern so \u00e4hnlich ist wie bei alten Ehepaaren oder bei Hunden und Hundebesitzern? Gleichen wir uns immer mehr an, was [&hellip;]<\/p>\n","protected":false},"author":1,"featured_media":8975,"comment_status":"open","ping_status":"open","sticky":false,"template":"","format":"standard","meta":{"footnotes":""},"categories":[1,3,788],"tags":[547,244,983,552],"class_list":["post-8971","post","type-post","status-publish","format-standard","has-post-thumbnail","hentry","category-allgemein","category-buecher","category-rezension","tag-krankheit","tag-leben","tag-sterbebegleitung","tag-sterben"],"yoast_head":"<!-- This site is optimized with the Yoast SEO plugin v27.5 - https:\/\/yoast.com\/product\/yoast-seo-wordpress\/ -->\n<title>[Interview + Rezension]: Und dann steht einer auf und \u00f6ffnet das Fenster | Leckere Kekse &amp; mehr<\/title>\n<meta name=\"description\" content=\"Roman \u00fcber eine Sterbende,einen Sterbebegleiter und seinen pubertierenden Sohn. Gar nicht traurig. \u00dcberaus lesenswert!\" \/>\n<meta name=\"robots\" content=\"index, follow, max-snippet:-1, max-image-preview:large, max-video-preview:-1\" \/>\n<link rel=\"canonical\" href=\"https:\/\/leckerekekse.de\/wordpress\/rezension-und-dann-steht-einer-auf\/\" \/>\n<meta property=\"og:locale\" content=\"de_DE\" \/>\n<meta property=\"og:type\" content=\"article\" \/>\n<meta property=\"og:title\" content=\"[Interview + Rezension]: Und dann steht einer auf und \u00f6ffnet das Fenster | Leckere Kekse &amp; mehr\" \/>\n<meta property=\"og:description\" content=\"Roman \u00fcber eine Sterbende,einen Sterbebegleiter und seinen pubertierenden Sohn. Gar nicht traurig. \u00dcberaus lesenswert!\" \/>\n<meta property=\"og:url\" content=\"https:\/\/leckerekekse.de\/wordpress\/rezension-und-dann-steht-einer-auf\/\" \/>\n<meta property=\"og:site_name\" content=\"Leckere Kekse &amp; mehr\" \/>\n<meta property=\"article:published_time\" content=\"2017-06-04T07:03:32+00:00\" \/>\n<meta property=\"article:modified_time\" content=\"2019-02-19T11:46:52+00:00\" \/>\n<meta property=\"og:image\" content=\"https:\/\/leckerekekse.de\/wordpress\/wp-content\/uploads\/2017\/05\/Und-dann-steht-einer-auf-fenster.jpg\" \/>\n\t<meta property=\"og:image:width\" content=\"640\" \/>\n\t<meta property=\"og:image:height\" content=\"480\" \/>\n\t<meta property=\"og:image:type\" content=\"image\/jpeg\" \/>\n<meta name=\"author\" content=\"Astrid\" \/>\n<meta name=\"twitter:label1\" content=\"Verfasst von\" \/>\n\t<meta name=\"twitter:data1\" content=\"Astrid\" \/>\n\t<meta name=\"twitter:label2\" content=\"Gesch\u00e4tzte Lesezeit\" \/>\n\t<meta name=\"twitter:data2\" content=\"5\u00a0Minuten\" \/>\n<script type=\"application\/ld+json\" class=\"yoast-schema-graph\">{\"@context\":\"https:\\\/\\\/schema.org\",\"@graph\":[{\"@type\":\"Article\",\"@id\":\"https:\\\/\\\/leckerekekse.de\\\/wordpress\\\/rezension-und-dann-steht-einer-auf\\\/#article\",\"isPartOf\":{\"@id\":\"https:\\\/\\\/leckerekekse.de\\\/wordpress\\\/rezension-und-dann-steht-einer-auf\\\/\"},\"author\":{\"name\":\"Astrid\",\"@id\":\"https:\\\/\\\/leckerekekse.de\\\/wordpress\\\/#\\\/schema\\\/person\\\/8f45748de22f11ca6e316da813f59b85\"},\"headline\":\"[Interview + Rezension]: Und dann steht einer auf und \u00f6ffnet das Fenster\",\"datePublished\":\"2017-06-04T07:03:32+00:00\",\"dateModified\":\"2019-02-19T11:46:52+00:00\",\"mainEntityOfPage\":{\"@id\":\"https:\\\/\\\/leckerekekse.de\\\/wordpress\\\/rezension-und-dann-steht-einer-auf\\\/\"},\"wordCount\":919,\"commentCount\":8,\"publisher\":{\"@id\":\"https:\\\/\\\/leckerekekse.de\\\/wordpress\\\/#\\\/schema\\\/person\\\/8f45748de22f11ca6e316da813f59b85\"},\"image\":{\"@id\":\"https:\\\/\\\/leckerekekse.de\\\/wordpress\\\/rezension-und-dann-steht-einer-auf\\\/#primaryimage\"},\"thumbnailUrl\":\"https:\\\/\\\/leckerekekse.de\\\/wordpress\\\/wp-content\\\/uploads\\\/2017\\\/05\\\/Und-dann-steht-einer-auf-fenster.jpg\",\"keywords\":[\"Krankheit\",\"Leben\",\"Sterbebegleitung\",\"Sterben\"],\"articleSection\":{\"1\":\"B\u00fccher\",\"2\":\"Rezension\"},\"inLanguage\":\"de\",\"potentialAction\":[{\"@type\":\"CommentAction\",\"name\":\"Comment\",\"target\":[\"https:\\\/\\\/leckerekekse.de\\\/wordpress\\\/rezension-und-dann-steht-einer-auf\\\/#respond\"]}]},{\"@type\":\"WebPage\",\"@id\":\"https:\\\/\\\/leckerekekse.de\\\/wordpress\\\/rezension-und-dann-steht-einer-auf\\\/\",\"url\":\"https:\\\/\\\/leckerekekse.de\\\/wordpress\\\/rezension-und-dann-steht-einer-auf\\\/\",\"name\":\"[Interview + Rezension]: Und dann steht einer auf und \u00f6ffnet das Fenster | Leckere Kekse &amp; mehr\",\"isPartOf\":{\"@id\":\"https:\\\/\\\/leckerekekse.de\\\/wordpress\\\/#website\"},\"primaryImageOfPage\":{\"@id\":\"https:\\\/\\\/leckerekekse.de\\\/wordpress\\\/rezension-und-dann-steht-einer-auf\\\/#primaryimage\"},\"image\":{\"@id\":\"https:\\\/\\\/leckerekekse.de\\\/wordpress\\\/rezension-und-dann-steht-einer-auf\\\/#primaryimage\"},\"thumbnailUrl\":\"https:\\\/\\\/leckerekekse.de\\\/wordpress\\\/wp-content\\\/uploads\\\/2017\\\/05\\\/Und-dann-steht-einer-auf-fenster.jpg\",\"datePublished\":\"2017-06-04T07:03:32+00:00\",\"dateModified\":\"2019-02-19T11:46:52+00:00\",\"description\":\"Roman \u00fcber eine Sterbende,einen Sterbebegleiter und seinen pubertierenden Sohn. Gar nicht traurig. \u00dcberaus lesenswert!\",\"breadcrumb\":{\"@id\":\"https:\\\/\\\/leckerekekse.de\\\/wordpress\\\/rezension-und-dann-steht-einer-auf\\\/#breadcrumb\"},\"inLanguage\":\"de\",\"potentialAction\":[{\"@type\":\"ReadAction\",\"target\":[\"https:\\\/\\\/leckerekekse.de\\\/wordpress\\\/rezension-und-dann-steht-einer-auf\\\/\"]}]},{\"@type\":\"ImageObject\",\"inLanguage\":\"de\",\"@id\":\"https:\\\/\\\/leckerekekse.de\\\/wordpress\\\/rezension-und-dann-steht-einer-auf\\\/#primaryimage\",\"url\":\"https:\\\/\\\/leckerekekse.de\\\/wordpress\\\/wp-content\\\/uploads\\\/2017\\\/05\\\/Und-dann-steht-einer-auf-fenster.jpg\",\"contentUrl\":\"https:\\\/\\\/leckerekekse.de\\\/wordpress\\\/wp-content\\\/uploads\\\/2017\\\/05\\\/Und-dann-steht-einer-auf-fenster.jpg\",\"width\":640,\"height\":480,\"caption\":\"Und dann steht einer auf und \u00f6ffnet das Fenster\"},{\"@type\":\"BreadcrumbList\",\"@id\":\"https:\\\/\\\/leckerekekse.de\\\/wordpress\\\/rezension-und-dann-steht-einer-auf\\\/#breadcrumb\",\"itemListElement\":[{\"@type\":\"ListItem\",\"position\":1,\"name\":\"Home\",\"item\":\"https:\\\/\\\/leckerekekse.de\\\/wordpress\\\/\"},{\"@type\":\"ListItem\",\"position\":2,\"name\":\"[Interview + Rezension]: Und dann steht einer auf und \u00f6ffnet das Fenster\"}]},{\"@type\":\"WebSite\",\"@id\":\"https:\\\/\\\/leckerekekse.de\\\/wordpress\\\/#website\",\"url\":\"https:\\\/\\\/leckerekekse.de\\\/wordpress\\\/\",\"name\":\"Leckere Kekse &amp; mehr\",\"description\":\"Kekse backen, B\u00fccher lesen und mehr\",\"publisher\":{\"@id\":\"https:\\\/\\\/leckerekekse.de\\\/wordpress\\\/#\\\/schema\\\/person\\\/8f45748de22f11ca6e316da813f59b85\"},\"potentialAction\":[{\"@type\":\"SearchAction\",\"target\":{\"@type\":\"EntryPoint\",\"urlTemplate\":\"https:\\\/\\\/leckerekekse.de\\\/wordpress\\\/?s={search_term_string}\"},\"query-input\":{\"@type\":\"PropertyValueSpecification\",\"valueRequired\":true,\"valueName\":\"search_term_string\"}}],\"inLanguage\":\"de\"},{\"@type\":[\"Person\",\"Organization\"],\"@id\":\"https:\\\/\\\/leckerekekse.de\\\/wordpress\\\/#\\\/schema\\\/person\\\/8f45748de22f11ca6e316da813f59b85\",\"name\":\"Astrid\",\"logo\":{\"@id\":\"https:\\\/\\\/leckerekekse.de\\\/wordpress\\\/#\\\/schema\\\/person\\\/image\\\/\"},\"sameAs\":[\"https:\\\/\\\/leckerekekse.de\\\/wordpress\"]}]}<\/script>\n<!-- \/ Yoast SEO plugin. -->","yoast_head_json":{"title":"[Interview + Rezension]: Und dann steht einer auf und \u00f6ffnet das Fenster | Leckere Kekse &amp; mehr","description":"Roman \u00fcber eine Sterbende,einen Sterbebegleiter und seinen pubertierenden Sohn. Gar nicht traurig. \u00dcberaus lesenswert!","robots":{"index":"index","follow":"follow","max-snippet":"max-snippet:-1","max-image-preview":"max-image-preview:large","max-video-preview":"max-video-preview:-1"},"canonical":"https:\/\/leckerekekse.de\/wordpress\/rezension-und-dann-steht-einer-auf\/","og_locale":"de_DE","og_type":"article","og_title":"[Interview + Rezension]: Und dann steht einer auf und \u00f6ffnet das Fenster | Leckere Kekse &amp; mehr","og_description":"Roman \u00fcber eine Sterbende,einen Sterbebegleiter und seinen pubertierenden Sohn. Gar nicht traurig. \u00dcberaus lesenswert!","og_url":"https:\/\/leckerekekse.de\/wordpress\/rezension-und-dann-steht-einer-auf\/","og_site_name":"Leckere Kekse &amp; mehr","article_published_time":"2017-06-04T07:03:32+00:00","article_modified_time":"2019-02-19T11:46:52+00:00","og_image":[{"width":640,"height":480,"url":"https:\/\/leckerekekse.de\/wordpress\/wp-content\/uploads\/2017\/05\/Und-dann-steht-einer-auf-fenster.jpg","type":"image\/jpeg"}],"author":"Astrid","twitter_misc":{"Verfasst von":"Astrid","Gesch\u00e4tzte Lesezeit":"5\u00a0Minuten"},"schema":{"@context":"https:\/\/schema.org","@graph":[{"@type":"Article","@id":"https:\/\/leckerekekse.de\/wordpress\/rezension-und-dann-steht-einer-auf\/#article","isPartOf":{"@id":"https:\/\/leckerekekse.de\/wordpress\/rezension-und-dann-steht-einer-auf\/"},"author":{"name":"Astrid","@id":"https:\/\/leckerekekse.de\/wordpress\/#\/schema\/person\/8f45748de22f11ca6e316da813f59b85"},"headline":"[Interview + Rezension]: Und dann steht einer auf und \u00f6ffnet das Fenster","datePublished":"2017-06-04T07:03:32+00:00","dateModified":"2019-02-19T11:46:52+00:00","mainEntityOfPage":{"@id":"https:\/\/leckerekekse.de\/wordpress\/rezension-und-dann-steht-einer-auf\/"},"wordCount":919,"commentCount":8,"publisher":{"@id":"https:\/\/leckerekekse.de\/wordpress\/#\/schema\/person\/8f45748de22f11ca6e316da813f59b85"},"image":{"@id":"https:\/\/leckerekekse.de\/wordpress\/rezension-und-dann-steht-einer-auf\/#primaryimage"},"thumbnailUrl":"https:\/\/leckerekekse.de\/wordpress\/wp-content\/uploads\/2017\/05\/Und-dann-steht-einer-auf-fenster.jpg","keywords":["Krankheit","Leben","Sterbebegleitung","Sterben"],"articleSection":{"1":"B\u00fccher","2":"Rezension"},"inLanguage":"de","potentialAction":[{"@type":"CommentAction","name":"Comment","target":["https:\/\/leckerekekse.de\/wordpress\/rezension-und-dann-steht-einer-auf\/#respond"]}]},{"@type":"WebPage","@id":"https:\/\/leckerekekse.de\/wordpress\/rezension-und-dann-steht-einer-auf\/","url":"https:\/\/leckerekekse.de\/wordpress\/rezension-und-dann-steht-einer-auf\/","name":"[Interview + Rezension]: Und dann steht einer auf und \u00f6ffnet das Fenster | Leckere Kekse &amp; mehr","isPartOf":{"@id":"https:\/\/leckerekekse.de\/wordpress\/#website"},"primaryImageOfPage":{"@id":"https:\/\/leckerekekse.de\/wordpress\/rezension-und-dann-steht-einer-auf\/#primaryimage"},"image":{"@id":"https:\/\/leckerekekse.de\/wordpress\/rezension-und-dann-steht-einer-auf\/#primaryimage"},"thumbnailUrl":"https:\/\/leckerekekse.de\/wordpress\/wp-content\/uploads\/2017\/05\/Und-dann-steht-einer-auf-fenster.jpg","datePublished":"2017-06-04T07:03:32+00:00","dateModified":"2019-02-19T11:46:52+00:00","description":"Roman \u00fcber eine Sterbende,einen Sterbebegleiter und seinen pubertierenden Sohn. Gar nicht traurig. \u00dcberaus lesenswert!","breadcrumb":{"@id":"https:\/\/leckerekekse.de\/wordpress\/rezension-und-dann-steht-einer-auf\/#breadcrumb"},"inLanguage":"de","potentialAction":[{"@type":"ReadAction","target":["https:\/\/leckerekekse.de\/wordpress\/rezension-und-dann-steht-einer-auf\/"]}]},{"@type":"ImageObject","inLanguage":"de","@id":"https:\/\/leckerekekse.de\/wordpress\/rezension-und-dann-steht-einer-auf\/#primaryimage","url":"https:\/\/leckerekekse.de\/wordpress\/wp-content\/uploads\/2017\/05\/Und-dann-steht-einer-auf-fenster.jpg","contentUrl":"https:\/\/leckerekekse.de\/wordpress\/wp-content\/uploads\/2017\/05\/Und-dann-steht-einer-auf-fenster.jpg","width":640,"height":480,"caption":"Und dann steht einer auf und \u00f6ffnet das Fenster"},{"@type":"BreadcrumbList","@id":"https:\/\/leckerekekse.de\/wordpress\/rezension-und-dann-steht-einer-auf\/#breadcrumb","itemListElement":[{"@type":"ListItem","position":1,"name":"Home","item":"https:\/\/leckerekekse.de\/wordpress\/"},{"@type":"ListItem","position":2,"name":"[Interview + Rezension]: Und dann steht einer auf und \u00f6ffnet das Fenster"}]},{"@type":"WebSite","@id":"https:\/\/leckerekekse.de\/wordpress\/#website","url":"https:\/\/leckerekekse.de\/wordpress\/","name":"Leckere Kekse &amp; mehr","description":"Kekse backen, B\u00fccher lesen und mehr","publisher":{"@id":"https:\/\/leckerekekse.de\/wordpress\/#\/schema\/person\/8f45748de22f11ca6e316da813f59b85"},"potentialAction":[{"@type":"SearchAction","target":{"@type":"EntryPoint","urlTemplate":"https:\/\/leckerekekse.de\/wordpress\/?s={search_term_string}"},"query-input":{"@type":"PropertyValueSpecification","valueRequired":true,"valueName":"search_term_string"}}],"inLanguage":"de"},{"@type":["Person","Organization"],"@id":"https:\/\/leckerekekse.de\/wordpress\/#\/schema\/person\/8f45748de22f11ca6e316da813f59b85","name":"Astrid","logo":{"@id":"https:\/\/leckerekekse.de\/wordpress\/#\/schema\/person\/image\/"},"sameAs":["https:\/\/leckerekekse.de\/wordpress"]}]}},"_links":{"self":[{"href":"https:\/\/leckerekekse.de\/wordpress\/wp-json\/wp\/v2\/posts\/8971","targetHints":{"allow":["GET"]}}],"collection":[{"href":"https:\/\/leckerekekse.de\/wordpress\/wp-json\/wp\/v2\/posts"}],"about":[{"href":"https:\/\/leckerekekse.de\/wordpress\/wp-json\/wp\/v2\/types\/post"}],"author":[{"embeddable":true,"href":"https:\/\/leckerekekse.de\/wordpress\/wp-json\/wp\/v2\/users\/1"}],"replies":[{"embeddable":true,"href":"https:\/\/leckerekekse.de\/wordpress\/wp-json\/wp\/v2\/comments?post=8971"}],"version-history":[{"count":4,"href":"https:\/\/leckerekekse.de\/wordpress\/wp-json\/wp\/v2\/posts\/8971\/revisions"}],"predecessor-version":[{"id":13166,"href":"https:\/\/leckerekekse.de\/wordpress\/wp-json\/wp\/v2\/posts\/8971\/revisions\/13166"}],"wp:featuredmedia":[{"embeddable":true,"href":"https:\/\/leckerekekse.de\/wordpress\/wp-json\/wp\/v2\/media\/8975"}],"wp:attachment":[{"href":"https:\/\/leckerekekse.de\/wordpress\/wp-json\/wp\/v2\/media?parent=8971"}],"wp:term":[{"taxonomy":"category","embeddable":true,"href":"https:\/\/leckerekekse.de\/wordpress\/wp-json\/wp\/v2\/categories?post=8971"},{"taxonomy":"post_tag","embeddable":true,"href":"https:\/\/leckerekekse.de\/wordpress\/wp-json\/wp\/v2\/tags?post=8971"}],"curies":[{"name":"wp","href":"https:\/\/api.w.org\/{rel}","templated":true}]}}