{"id":9080,"date":"2017-07-23T07:56:25","date_gmt":"2017-07-23T05:56:25","guid":{"rendered":"https:\/\/leckerekekse.de\/wordpress\/?p=9080"},"modified":"2021-03-27T16:37:14","modified_gmt":"2021-03-27T15:37:14","slug":"rezension-alma-dagmar-fohl","status":"publish","type":"post","link":"https:\/\/leckerekekse.de\/wordpress\/rezension-alma-dagmar-fohl\/","title":{"rendered":"[Rezension] Dagmar Fohl: Alma"},"content":{"rendered":"<h6><img loading=\"lazy\" decoding=\"async\" class=\"aligncenter size-full wp-image-9217\" src=\"https:\/\/leckerekekse.de\/wordpress\/wp-content\/uploads\/2017\/06\/alma-dagmar-fohl.jpg\" alt=\"Rezension Alma von Dagmar Fohl\" width=\"640\" height=\"400\" srcset=\"https:\/\/leckerekekse.de\/wordpress\/wp-content\/uploads\/2017\/06\/alma-dagmar-fohl.jpg 640w, https:\/\/leckerekekse.de\/wordpress\/wp-content\/uploads\/2017\/06\/alma-dagmar-fohl-300x188.jpg 300w\" sizes=\"auto, (max-width: 640px) 100vw, 640px\" \/><\/h6>\n<h2>Ein Holocaust-Drama<\/h2>\n<p>Nachdem ich k\u00fcrzlich mit \u201e<a href=\"https:\/\/leckerekekse.de\/wordpress\/rezension-das-kalte-blut-chris-kraus\/\" target=\"_blank\" rel=\"noopener noreferrer\">Das kalte Blut<\/a>\u201c \u00fcber die T\u00e4ter im zweiten Weltkrieg gelesen habe, geht es nun wieder um die Opfer. Genauer gesagt um die Juden. Ihr wi\u00dft, ich habe schon so viele B\u00fccher gelesen \u00fcber dieses Thema und ich hatte gedacht, allm\u00e4hlich bin ich durch damit. Aber von wegen. Dieses Thema ist so vielschichtig, dass ich es wohl nie in seiner G\u00e4nze durchdringen werde.<!--more--><\/p>\n<h3>Das Kreuzfahrtschiff St. Louis<\/h3>\n<p>Mir sagte der Name des Schiffes, um das es in \u201eAlma\u201c geht, nichts. Wi\u00dft Ihr etwas \u00fcber die <strong>St. Louis<\/strong>, die 1939 aus Hamburg abfuhr? Wie h\u00e4ufig bin ich wohl schon im Hamburger Hafen an der Gedenktafel vorbeigegangen, wie h\u00e4ufig habe ich sie schon gelesen \u2013 ohne dass sie im Ged\u00e4chtnis geblieben w\u00e4re. Nach der Lekt\u00fcre werde ich von nun an jedes Mal an die Menschen auf der St. Louis denken.<\/p>\n<p><img loading=\"lazy\" decoding=\"async\" class=\"aligncenter size-full wp-image-9219\" src=\"https:\/\/leckerekekse.de\/wordpress\/wp-content\/uploads\/2017\/06\/gedenktafel-st-louis.jpg\" alt=\"Gedenktafel St. Louis - Hamburg\" width=\"640\" height=\"502\" srcset=\"https:\/\/leckerekekse.de\/wordpress\/wp-content\/uploads\/2017\/06\/gedenktafel-st-louis.jpg 640w, https:\/\/leckerekekse.de\/wordpress\/wp-content\/uploads\/2017\/06\/gedenktafel-st-louis-300x235.jpg 300w\" sizes=\"auto, (max-width: 640px) 100vw, 640px\" \/><\/p>\n<p><strong>\u201eAlma\u201c von Dagmar Fohl<\/strong> erz\u00e4hlt die fiktive Geschichte von Aaron Stern, einem Hamburger Juden, der ein Musikaliengesch\u00e4ft f\u00fchrt und leidenschaftlich Cello spielt. Aaron ist kein gl\u00e4ubiger Jude, er ist Deutscher. Mit Anfang 20 lernt er seine gro\u00dfe Liebe kennen. Leah! Sie heiraten. Nach der Pogromnacht im November 1938 kommt Aaron ins Konzentrationslager. Leah\u00a0 \u2013 inzwischen schwanger \u2013 organisiert Papiere f\u00fcr eine Auswanderung \u00fcber Kuba in die USA. Daraufhin darf Aaron das KZ verlassen. Durch die Aufregungen erleidet Leah eine Fr\u00fchgeburt. Alma \u2013 klein und zart \u2013 muss in die Klinik. Der Arzt, der die Hausgeburt durchgef\u00fchrt hat, nimmt die Kleine als seine Tochter auf, da Aaron und Leah nur zwei Schiffspassagen haben. Schweren Herzens nehmen die Eltern Abschied von der Tochter.<\/p>\n<h3>Das Schicksal der St. Louis<\/h3>\n<p>Am 13. Mai 1939 legt das Schiff St. Louis in Hamburg ab. Es ist ein Kreuzfahrtschiff, das haupts\u00e4chlich Juden au\u00dfer Landes bringt. In Havanna erleben die Passagiere einen Schock. Da sich die kubanischen Einreisebestimmungen w\u00e4hrend der Seereise ge\u00e4ndert haben, d\u00fcrfen die meisten von ihnen nicht an Land gehen. Nach z\u00e4hen Verhandlungen muss das Schiff nach Europa zur\u00fcckfahren. Die Passagiere werden auf verschiedene L\u00e4nder aufgeteilt. Leah und Aaron verschl\u00e4gt es in die Niederlande. Sie verbringen ihre Zeit in einem Lager. Als die Nationalsozialisten auch dort einmarschieren, werden s\u00e4mtliche in den Niederlanden lebende Juden in diesem Lager interniert. Jede Woche gehen Z\u00fcge in die Konzentrationslager. Aaron hat das Gl\u00fcck, dass er mit seinem Cello im Orchester mitspielen darf und so erst einmal verschont wird.<\/p>\n<p>Eines Tages wird auch der Name von Leah und Aaron aufgerufen\u2026<\/p>\n<blockquote><p>Die Musik, die wir im Lager spielten, half den zuh\u00f6renden H\u00e4ftlingen nicht. Ich habe niemals einen Zwangsarbeiter getroffen, dem unsere Musik Mut gemacht h\u00e4tte, sie half nur uns Musikern\u2026<\/p><\/blockquote>\n<p>Dieses Buch ist vollgestopft mit geschichtlichen Ereignissen. Anders als bei vielen anderen Romanen \u00fcber dieses Thema geht es nach Ende des Krieges weiter mit der Geschichte. Die meisten Figuren sind fiktiv, aber viele Personen entsprechen der Wirklichkeit. Z. B.. der Kapit\u00e4n der St. Louis.<\/p>\n<h3>Exodus<\/h3>\n<p>Es gibt genau gegen\u00fcber der Gedenktafel der St. Louis noch eine zweite Gedenktafel, die \u00fcber die \u201eExodus\u201c informiert. Auch ein Schiff, das im Hamburger Hafen abf\u00e4hrt und nach vielen K\u00e4mpfen wieder dort anlegt.<\/p>\n<p><img loading=\"lazy\" decoding=\"async\" class=\"aligncenter size-full wp-image-9218\" src=\"https:\/\/leckerekekse.de\/wordpress\/wp-content\/uploads\/2017\/06\/gedenktafel-exodus.jpg\" alt=\"Die Gedenktafel der Exodus in Hamburg\" width=\"640\" height=\"501\" srcset=\"https:\/\/leckerekekse.de\/wordpress\/wp-content\/uploads\/2017\/06\/gedenktafel-exodus.jpg 640w, https:\/\/leckerekekse.de\/wordpress\/wp-content\/uploads\/2017\/06\/gedenktafel-exodus-300x235.jpg 300w\" sizes=\"auto, (max-width: 640px) 100vw, 640px\" \/><\/p>\n<h3>Schullekt\u00fcre?<\/h3>\n<p>\u201eAlma\u201c ist ein sehr konstruierter Roman. Er ist vollgepackt mit geschichtstr\u00e4chtigen Ereignissen. Eigentlich viel zu vielen. Die Handlung ist voraussehbar. Aber trotz allem finde ich dieses Buch einfach toll, da es Bilder zu Themen liefert, die wir als Fakten kennen. Fakten bleiben l\u00e4ngst nicht so gut im Ged\u00e4chtnis und daher ist es eine tolle Idee der Autorin, diese beiden Gedenktafeln als Anlass zu nehmen und eine Geschichte daraus zu machen. Dieses Buch k\u00f6nnte eine hervorragende Lekt\u00fcre f\u00fcr Sch\u00fcler sein.<\/p>\n<p>Abgesehen von den vielen unvorstellbaren Ereignissen l\u00e4\u00dft sich der Roman sehr leicht lesen. Einfache, meist kurze S\u00e4tze. Erz\u00e4hlt wird aus der Sicht von Aaron, dem musikbegeisterten Protagonisten.<\/p>\n<p>Am Ende des Buches gibt es ein Zitat von Wolfgang Borchert \u2013 einem ber\u00fchmten Hamburger Autor:<\/p>\n<blockquote><p>Alles, was wir tun k\u00f6nnen, ist: Addieren, die Summe versammeln, aufz\u00e4hlen, notieren. Aber diesen tollk\u00fchnen sinnlosen Mut zu einem Buch m\u00fcssen wir haben! Wir wollen unsere Not notieren, mit zitternden H\u00e4nden vielleicht, wir wollen sie in Stein, Tinte oder Noten vor uns hinstellen, in unerh\u00f6rten Farben, in einmaliger Perspektive, addiert, zusammengez\u00e4hlt und angeh\u00e4uft, und das gibt dann ein Buch von 200 Seiten.<\/p><\/blockquote>\n<h3>Fazit:<\/h3>\n<p>Der Roman \u201eAlma\u201c von Dagmar Fohl ist aus zwei Gedenktafeln heraus entstanden, die in Hamburg an den Landungsbr\u00fccken viele Einheimische und Touristen immer wieder beeindrucken und nachdenklich stimmen. Ein j\u00fcdisches Ehepaar l\u00e4\u00dft ihr neugeborenes Kind in Hamburg zur\u00fcck, um Deutschland 1939 mit dem Schiff in Richtung Kuba zu verlassen. Sie d\u00fcrfen dort nicht an Land und kommen nach Europa zur\u00fcck. Dem Holocaust k\u00f6nnen sie nicht entkommen.\u00a0Ein Roman, der am Ende frustriert. Denn was haben wir aus der Geschichte gelernt? NICHTS!!!. Weiterhin fl\u00fcchten Tausende Menschen, Aufnahme finden die Wenigsten. Willkommen sind sie heute wie damals nicht.<\/p>\n<p>&nbsp;<\/p>\n<p>Viele von Euch waren doch schon einmal in Hamburg? Wem sind denn die beiden Gedenktafeln aufgefallen?<\/p>\n<p>&nbsp;<\/p>\n<h6><img loading=\"lazy\" decoding=\"async\" class=\"aligncenter size-full wp-image-5968\" src=\"https:\/\/leckerekekse.de\/wordpress\/wp-content\/uploads\/2016\/04\/Astrid-Signatur.jpeg\" alt=\"\" width=\"206\" height=\"97\" \/><\/h6>\n<p>&nbsp;<\/p>\n<h5>INFOS ZUM BUCH<\/h5>\n<table width=\"640\">\n<tbody>\n<tr>\n<td width=\"320\"><img loading=\"lazy\" decoding=\"async\" class=\"aligncenter wp-image-9081 size-medium\" src=\"https:\/\/leckerekekse.de\/wordpress\/wp-content\/uploads\/2017\/06\/9783839220726-181x300.jpg\" alt=\"Alma von Dagmar Fohl\" width=\"181\" height=\"300\" srcset=\"https:\/\/leckerekekse.de\/wordpress\/wp-content\/uploads\/2017\/06\/9783839220726-181x300.jpg 181w, https:\/\/leckerekekse.de\/wordpress\/wp-content\/uploads\/2017\/06\/9783839220726.jpg 271w\" sizes=\"auto, (max-width: 181px) 100vw, 181px\" \/><\/td>\n<td width=\"320\">\n<h2 class=\"item-title\">alma<\/h2>\n<div class=\"author-name\">\n<div class=\"authors\"><a title=\"Mehr Infos \u2026\" href=\"http:\/\/www.gmeiner-verlag.de\/autoren\/autor\/130-dagmar-fohl.html\">DAGMAR FOHL<\/a><\/div>\n<h4 class=\"subtitle\">Roman<\/h4>\n<div class=\"details\">219 S. \/ 12\u00a0x\u00a020\u00a0cm \/ Hardcover mit Schutzumschlag<\/div>\n<div class=\"details\">Februar 2017<\/div>\n<div class=\"details\">ISBN\u00a0978-3-8392-2072-6<\/div>\n<div class=\"details\"><\/div>\n<div class=\"details\">Gmeiner-Verlag<\/div>\n<\/div>\n<div class=\"bold-caps\"><\/div>\n<\/td>\n<\/tr>\n<\/tbody>\n<\/table>\n<p>&nbsp;<\/p>\n<p>&nbsp;<\/p>\n<p><span style=\"border-top-left-radius: 2px; border-top-right-radius: 2px; border-bottom-right-radius: 2px; border-bottom-left-radius: 2px; text-indent: 20px; width: auto; padding: 0px 4px 0px 0px; text-align: center; font-style: normal; font-variant-caps: normal; font-weight: bold; font-size: 11px; line-height: 20px; font-family: 'Helvetica Neue', Helvetica, sans-serif; color: #ffffff; background-image: url(data:image\/svg+xml; base64,phn2zyb4bwxucz0iahr0cdovl3d3dy53my5vcmcvmjawmc9zdmciighlawdodd0imzbwecigd2lkdgg9ijmwchgiihzpzxdcb3g9ii0xic0xidmxidmxij48zz48cgf0acbkpsjnmjkundq5lde0ljy2mibdmjkundq5ldiyljcymiaymi44njgsmjkumju2ide0ljc1ldi5lji1nibdni42mzismjkumju2idaumduxldiyljcymiawlja1mswxnc42njigqzaumduxldyunjaxidyunjmyldaumdy3ide0ljc1ldaumdy3iemymi44njgsmc4wnjcgmjkundq5ldyunjaxidi5ljq0oswxnc42njiiigzpbgw9iinmzmyiihn0cm9rzt0ii2zmziigc3ryb2tllxdpzhropsixij48l3bhdgg+phbhdgggzd0itte0ljczmywxljy4nibdny41mtysms42odygms42njusny40otugms42njusmtqunjyyiemxljy2nswymc4xntkgns4xmdksmjquodu0idkuotcsmjyunzq0iem5ljg1niwyns43mtggos43ntmsmjqumtqzidewljaxniwymy4wmjigqzewlji1mywymi4wmsaxms41ndgsmtyuntcyidexlju0ocwxni41nzigqzexlju0ocwxni41nzigmteumtu3lde1ljc5nsaxms4xntcsmtqunjq2iemxms4xntcsmtiuodqyideyljixmswxms40otugmtmuntiyldexljq5nsbdmtqunjm3ldexljq5nsaxns4xnzusmtiumzi2ide1lje3nswxmy4zmjmgqze1lje3nswxnc40mzygmtqundyylde2ljegmtqumdkzlde3ljy0mybdmtmunzg1lde4ljkznsaxnc43ndusmtkuotg4ide2ljayocwxos45odggqze4ljm1mswxos45odggmjaumtm2lde3lju1niaymc4xmzysmtqumdq2iemymc4xmzysmtauotm5ide3ljg4ocw4ljc2nyaxnc42nzgsoc43njcgqzewljk1osw4ljc2nya4ljc3nywxms41mzygoc43nzcsmtqumzk4iem4ljc3nywxns41mtmgos4ymswxni43mdkgos43ndksmtcumzu5iem5ljg1niwxny40odggos44nzismtcunia5ljg0lde3ljczmsbdos43ndesmtgumtqxidkuntismtkumdizidkundc3lde5ljiwmybdos40miwxos40nca5lji4ocwxos40otegos4wncwxos4znzygqzcunda4lde4ljyymia2ljm4nywxni4yntigni4zodcsmtqumzq5iem2ljm4nywxmc4yntygos4zodmsni40otcgmtuumdiyldyundk3iemxos41ntusni40otcgmjmumdc4ldkunza1idizlja3ocwxmy45otegqzizlja3ocwxoc40njmgmjaumjm5ldiylja2miaxni4yotcsmjiumdyyiemxnc45nzmsmjiumdyyidezljcyocwyms4znzkgmtmumzayldiwlju3mibdmtmumzayldiwlju3miaxmi42ndcsmjmumdugmtiundg4ldizljy1nybdmtiumtkzldi0ljc4ncaxms4zotysmjyumtk2idewljg2mywyny4wntggqzeylja4niwyny40mzqgmtmumzg2ldi3ljyznyaxnc43mzmsmjcunjm3iemyms45nswyny42mzcgmjcuodaxldixljgyocayny44mdesmtqunjyyiemyny44mdesny40otugmjeuotusms42odygmtqunzmzldeunjg2iibmawxspsijymqwodfjij48l3bhdgg+pc9npjwvc3znpg==); background-size: 14px 14px; background-color: #bd081c; position: absolute; opacity: 1; z-index: 8675309; display: none; cursor: pointer; border: none; -webkit-font-smoothing: antialiased; top: 2090px; left: 158px; background-position: 3px 50%; background-repeat: no-repeat no-repeat;\">Merken<\/span><span style=\"border-top-left-radius: 2px; border-top-right-radius: 2px; border-bottom-right-radius: 2px; border-bottom-left-radius: 2px; text-indent: 20px; width: auto; padding: 0px 4px 0px 0px; text-align: center; font-style: normal; font-variant-caps: normal; font-weight: bold; font-size: 11px; line-height: 20px; font-family: 'Helvetica Neue', Helvetica, sans-serif; color: #ffffff; background-image: url(data:image\/svg+xml; base64,phn2zyb4bwxucz0iahr0cdovl3d3dy53my5vcmcvmjawmc9zdmciighlawdodd0imzbwecigd2lkdgg9ijmwchgiihzpzxdcb3g9ii0xic0xidmxidmxij48zz48cgf0acbkpsjnmjkundq5lde0ljy2mibdmjkundq5ldiyljcymiaymi44njgsmjkumju2ide0ljc1ldi5lji1nibdni42mzismjkumju2idaumduxldiyljcymiawlja1mswxnc42njigqzaumduxldyunjaxidyunjmyldaumdy3ide0ljc1ldaumdy3iemymi44njgsmc4wnjcgmjkundq5ldyunjaxidi5ljq0oswxnc42njiiigzpbgw9iinmzmyiihn0cm9rzt0ii2zmziigc3ryb2tllxdpzhropsixij48l3bhdgg+phbhdgggzd0itte0ljczmywxljy4nibdny41mtysms42odygms42njusny40otugms42njusmtqunjyyiemxljy2nswymc4xntkgns4xmdksmjquodu0idkuotcsmjyunzq0iem5ljg1niwyns43mtggos43ntmsmjqumtqzidewljaxniwymy4wmjigqzewlji1mywymi4wmsaxms41ndgsmtyuntcyidexlju0ocwxni41nzigqzexlju0ocwxni41nzigmteumtu3lde1ljc5nsaxms4xntcsmtqunjq2iemxms4xntcsmtiuodqyideyljixmswxms40otugmtmuntiyldexljq5nsbdmtqunjm3ldexljq5nsaxns4xnzusmtiumzi2ide1lje3nswxmy4zmjmgqze1lje3nswxnc40mzygmtqundyylde2ljegmtqumdkzlde3ljy0mybdmtmunzg1lde4ljkznsaxnc43ndusmtkuotg4ide2ljayocwxos45odggqze4ljm1mswxos45odggmjaumtm2lde3lju1niaymc4xmzysmtqumdq2iemymc4xmzysmtauotm5ide3ljg4ocw4ljc2nyaxnc42nzgsoc43njcgqzewljk1osw4ljc2nya4ljc3nywxms41mzygoc43nzcsmtqumzk4iem4ljc3nywxns41mtmgos4ymswxni43mdkgos43ndksmtcumzu5iem5ljg1niwxny40odggos44nzismtcunia5ljg0lde3ljczmsbdos43ndesmtgumtqxidkuntismtkumdizidkundc3lde5ljiwmybdos40miwxos40nca5lji4ocwxos40otegos4wncwxos4znzygqzcunda4lde4ljyymia2ljm4nywxni4yntigni4zodcsmtqumzq5iem2ljm4nywxmc4yntygos4zodmsni40otcgmtuumdiyldyundk3iemxos41ntusni40otcgmjmumdc4ldkunza1idizlja3ocwxmy45otegqzizlja3ocwxoc40njmgmjaumjm5ldiylja2miaxni4yotcsmjiumdyyiemxnc45nzmsmjiumdyyidezljcyocwyms4znzkgmtmumzayldiwlju3mibdmtmumzayldiwlju3miaxmi42ndcsmjmumdugmtiundg4ldizljy1nybdmtiumtkzldi0ljc4ncaxms4zotysmjyumtk2idewljg2mywyny4wntggqzeylja4niwyny40mzqgmtmumzg2ldi3ljyznyaxnc43mzmsmjcunjm3iemyms45nswyny42mzcgmjcuodaxldixljgyocayny44mdesmtqunjyyiemyny44mdesny40otugmjeuotusms42odygmtqunzmzldeunjg2iibmawxspsijymqwodfjij48l3bhdgg+pc9npjwvc3znpg==); background-size: 14px 14px; background-color: #bd081c; position: absolute; opacity: 1; z-index: 8675309; display: none; cursor: pointer; border: none; -webkit-font-smoothing: antialiased; top: 2090px; left: 158px; background-position: 3px 50%; background-repeat: no-repeat no-repeat;\">Merken<\/span><\/p>\n<p><span style=\"border-top-left-radius: 2px; border-top-right-radius: 2px; border-bottom-right-radius: 2px; border-bottom-left-radius: 2px; text-indent: 20px; width: auto; padding: 0px 4px 0px 0px; text-align: center; font-style: normal; font-variant-caps: normal; font-weight: bold; font-size: 11px; line-height: 20px; font-family: 'Helvetica Neue', Helvetica, sans-serif; color: #ffffff; background-image: url(data:image\/svg+xml; base64,phn2zyb4bwxucz0iahr0cdovl3d3dy53my5vcmcvmjawmc9zdmciighlawdodd0imzbwecigd2lkdgg9ijmwchgiihzpzxdcb3g9ii0xic0xidmxidmxij48zz48cgf0acbkpsjnmjkundq5lde0ljy2mibdmjkundq5ldiyljcymiaymi44njgsmjkumju2ide0ljc1ldi5lji1nibdni42mzismjkumju2idaumduxldiyljcymiawlja1mswxnc42njigqzaumduxldyunjaxidyunjmyldaumdy3ide0ljc1ldaumdy3iemymi44njgsmc4wnjcgmjkundq5ldyunjaxidi5ljq0oswxnc42njiiigzpbgw9iinmzmyiihn0cm9rzt0ii2zmziigc3ryb2tllxdpzhropsixij48l3bhdgg+phbhdgggzd0itte0ljczmywxljy4nibdny41mtysms42odygms42njusny40otugms42njusmtqunjyyiemxljy2nswymc4xntkgns4xmdksmjquodu0idkuotcsmjyunzq0iem5ljg1niwyns43mtggos43ntmsmjqumtqzidewljaxniwymy4wmjigqzewlji1mywymi4wmsaxms41ndgsmtyuntcyidexlju0ocwxni41nzigqzexlju0ocwxni41nzigmteumtu3lde1ljc5nsaxms4xntcsmtqunjq2iemxms4xntcsmtiuodqyideyljixmswxms40otugmtmuntiyldexljq5nsbdmtqunjm3ldexljq5nsaxns4xnzusmtiumzi2ide1lje3nswxmy4zmjmgqze1lje3nswxnc40mzygmtqundyylde2ljegmtqumdkzlde3ljy0mybdmtmunzg1lde4ljkznsaxnc43ndusmtkuotg4ide2ljayocwxos45odggqze4ljm1mswxos45odggmjaumtm2lde3lju1niaymc4xmzysmtqumdq2iemymc4xmzysmtauotm5ide3ljg4ocw4ljc2nyaxnc42nzgsoc43njcgqzewljk1osw4ljc2nya4ljc3nywxms41mzygoc43nzcsmtqumzk4iem4ljc3nywxns41mtmgos4ymswxni43mdkgos43ndksmtcumzu5iem5ljg1niwxny40odggos44nzismtcunia5ljg0lde3ljczmsbdos43ndesmtgumtqxidkuntismtkumdizidkundc3lde5ljiwmybdos40miwxos40nca5lji4ocwxos40otegos4wncwxos4znzygqzcunda4lde4ljyymia2ljm4nywxni4yntigni4zodcsmtqumzq5iem2ljm4nywxmc4yntygos4zodmsni40otcgmtuumdiyldyundk3iemxos41ntusni40otcgmjmumdc4ldkunza1idizlja3ocwxmy45otegqzizlja3ocwxoc40njmgmjaumjm5ldiylja2miaxni4yotcsmjiumdyyiemxnc45nzmsmjiumdyyidezljcyocwyms4znzkgmtmumzayldiwlju3mibdmtmumzayldiwlju3miaxmi42ndcsmjmumdugmtiundg4ldizljy1nybdmtiumtkzldi0ljc4ncaxms4zotysmjyumtk2idewljg2mywyny4wntggqzeylja4niwyny40mzqgmtmumzg2ldi3ljyznyaxnc43mzmsmjcunjm3iemyms45nswyny42mzcgmjcuodaxldixljgyocayny44mdesmtqunjyyiemyny44mdesny40otugmjeuotusms42odygmtqunzmzldeunjg2iibmawxspsijymqwodfjij48l3bhdgg+pc9npjwvc3znpg==); background-size: 14px 14px; background-color: #bd081c; position: absolute; opacity: 1; z-index: 8675309; display: none; cursor: pointer; border: none; -webkit-font-smoothing: antialiased; background-position: 3px 50%; background-repeat: no-repeat no-repeat;\">Merken<\/span><span style=\"border-top-left-radius: 2px; border-top-right-radius: 2px; border-bottom-right-radius: 2px; border-bottom-left-radius: 2px; text-indent: 20px; width: auto; padding: 0px 4px 0px 0px; text-align: center; font-style: normal; font-variant-caps: normal; font-weight: bold; font-size: 11px; line-height: 20px; font-family: 'Helvetica Neue', Helvetica, sans-serif; color: #ffffff; background-image: url(data:image\/svg+xml; base64,phn2zyb4bwxucz0iahr0cdovl3d3dy53my5vcmcvmjawmc9zdmciighlawdodd0imzbwecigd2lkdgg9ijmwchgiihzpzxdcb3g9ii0xic0xidmxidmxij48zz48cgf0acbkpsjnmjkundq5lde0ljy2mibdmjkundq5ldiyljcymiaymi44njgsmjkumju2ide0ljc1ldi5lji1nibdni42mzismjkumju2idaumduxldiyljcymiawlja1mswxnc42njigqzaumduxldyunjaxidyunjmyldaumdy3ide0ljc1ldaumdy3iemymi44njgsmc4wnjcgmjkundq5ldyunjaxidi5ljq0oswxnc42njiiigzpbgw9iinmzmyiihn0cm9rzt0ii2zmziigc3ryb2tllxdpzhropsixij48l3bhdgg+phbhdgggzd0itte0ljczmywxljy4nibdny41mtysms42odygms42njusny40otugms42njusmtqunjyyiemxljy2nswymc4xntkgns4xmdksmjquodu0idkuotcsmjyunzq0iem5ljg1niwyns43mtggos43ntmsmjqumtqzidewljaxniwymy4wmjigqzewlji1mywymi4wmsaxms41ndgsmtyuntcyidexlju0ocwxni41nzigqzexlju0ocwxni41nzigmteumtu3lde1ljc5nsaxms4xntcsmtqunjq2iemxms4xntcsmtiuodqyideyljixmswxms40otugmtmuntiyldexljq5nsbdmtqunjm3ldexljq5nsaxns4xnzusmtiumzi2ide1lje3nswxmy4zmjmgqze1lje3nswxnc40mzygmtqundyylde2ljegmtqumdkzlde3ljy0mybdmtmunzg1lde4ljkznsaxnc43ndusmtkuotg4ide2ljayocwxos45odggqze4ljm1mswxos45odggmjaumtm2lde3lju1niaymc4xmzysmtqumdq2iemymc4xmzysmtauotm5ide3ljg4ocw4ljc2nyaxnc42nzgsoc43njcgqzewljk1osw4ljc2nya4ljc3nywxms41mzygoc43nzcsmtqumzk4iem4ljc3nywxns41mtmgos4ymswxni43mdkgos43ndksmtcumzu5iem5ljg1niwxny40odggos44nzismtcunia5ljg0lde3ljczmsbdos43ndesmtgumtqxidkuntismtkumdizidkundc3lde5ljiwmybdos40miwxos40nca5lji4ocwxos40otegos4wncwxos4znzygqzcunda4lde4ljyymia2ljm4nywxni4yntigni4zodcsmtqumzq5iem2ljm4nywxmc4yntygos4zodmsni40otcgmtuumdiyldyundk3iemxos41ntusni40otcgmjmumdc4ldkunza1idizlja3ocwxmy45otegqzizlja3ocwxoc40njmgmjaumjm5ldiylja2miaxni4yotcsmjiumdyyiemxnc45nzmsmjiumdyyidezljcyocwyms4znzkgmtmumzayldiwlju3mibdmtmumzayldiwlju3miaxmi42ndcsmjmumdugmtiundg4ldizljy1nybdmtiumtkzldi0ljc4ncaxms4zotysmjyumtk2idewljg2mywyny4wntggqzeylja4niwyny40mzqgmtmumzg2ldi3ljyznyaxnc43mzmsmjcunjm3iemyms45nswyny42mzcgmjcuodaxldixljgyocayny44mdesmtqunjyyiemyny44mdesny40otugmjeuotusms42odygmtqunzmzldeunjg2iibmawxspsijymqwodfjij48l3bhdgg+pc9npjwvc3znpg==); background-size: 14px 14px; background-color: #bd081c; position: absolute; opacity: 1; z-index: 8675309; display: none; cursor: pointer; border: none; -webkit-font-smoothing: antialiased; background-position: 3px 50%; background-repeat: no-repeat no-repeat;\">Merken<\/span><\/p>\n","protected":false},"excerpt":{"rendered":"<p>Ein Holocaust-Drama Nachdem ich k\u00fcrzlich mit \u201eDas kalte Blut\u201c \u00fcber die T\u00e4ter im zweiten Weltkrieg gelesen habe, geht es nun wieder um die Opfer. Genauer gesagt um die Juden. Ihr wi\u00dft, ich habe schon so viele B\u00fccher gelesen \u00fcber dieses Thema und ich hatte gedacht, allm\u00e4hlich bin ich durch damit. Aber von wegen. Dieses Thema [&hellip;]<\/p>\n","protected":false},"author":1,"featured_media":9217,"comment_status":"open","ping_status":"open","sticky":false,"template":"","format":"standard","meta":{"footnotes":""},"categories":[1,788],"tags":[129,233,517,994,791,528,995],"class_list":["post-9080","post","type-post","status-publish","format-standard","has-post-thumbnail","hentry","category-allgemein","category-rezension","tag-familie","tag-flucht","tag-holocaust","tag-juden","tag-konzentrationslager","tag-krieg","tag-neubeginn"],"yoast_head":"<!-- This site is optimized with the Yoast SEO plugin v27.5 - https:\/\/yoast.com\/product\/yoast-seo-wordpress\/ -->\n<title>[Rezension] Dagmar Fohl: Alma | Leckere Kekse &amp; mehr<\/title>\n<meta name=\"description\" content=\"Der Roman &quot;Alma&quot; gibt zwei Gedenktafeln aus Hamburg eine Geschichte, die eing\u00e4nglicher ist als 2 schlichten Schildern voller Fakten.\" \/>\n<meta name=\"robots\" content=\"index, follow, max-snippet:-1, max-image-preview:large, max-video-preview:-1\" \/>\n<link rel=\"canonical\" href=\"https:\/\/leckerekekse.de\/wordpress\/rezension-alma-dagmar-fohl\/\" \/>\n<meta property=\"og:locale\" content=\"de_DE\" \/>\n<meta property=\"og:type\" content=\"article\" \/>\n<meta property=\"og:title\" content=\"[Rezension] Dagmar Fohl: Alma | Leckere Kekse &amp; mehr\" \/>\n<meta property=\"og:description\" content=\"Der Roman &quot;Alma&quot; gibt zwei Gedenktafeln aus Hamburg eine Geschichte, die eing\u00e4nglicher ist als 2 schlichten Schildern voller Fakten.\" \/>\n<meta property=\"og:url\" content=\"https:\/\/leckerekekse.de\/wordpress\/rezension-alma-dagmar-fohl\/\" \/>\n<meta property=\"og:site_name\" content=\"Leckere Kekse &amp; mehr\" \/>\n<meta property=\"article:published_time\" content=\"2017-07-23T05:56:25+00:00\" \/>\n<meta property=\"article:modified_time\" content=\"2021-03-27T15:37:14+00:00\" \/>\n<meta property=\"og:image\" content=\"https:\/\/leckerekekse.de\/wordpress\/wp-content\/uploads\/2017\/06\/alma-dagmar-fohl.jpg\" \/>\n\t<meta property=\"og:image:width\" content=\"640\" \/>\n\t<meta property=\"og:image:height\" content=\"400\" \/>\n\t<meta property=\"og:image:type\" content=\"image\/jpeg\" \/>\n<meta name=\"author\" content=\"Astrid\" \/>\n<meta name=\"twitter:label1\" content=\"Verfasst von\" \/>\n\t<meta name=\"twitter:data1\" content=\"Astrid\" \/>\n\t<meta name=\"twitter:label2\" content=\"Gesch\u00e4tzte Lesezeit\" \/>\n\t<meta name=\"twitter:data2\" content=\"4\u00a0Minuten\" \/>\n<script type=\"application\/ld+json\" class=\"yoast-schema-graph\">{\"@context\":\"https:\\\/\\\/schema.org\",\"@graph\":[{\"@type\":\"Article\",\"@id\":\"https:\\\/\\\/leckerekekse.de\\\/wordpress\\\/rezension-alma-dagmar-fohl\\\/#article\",\"isPartOf\":{\"@id\":\"https:\\\/\\\/leckerekekse.de\\\/wordpress\\\/rezension-alma-dagmar-fohl\\\/\"},\"author\":{\"name\":\"Astrid\",\"@id\":\"https:\\\/\\\/leckerekekse.de\\\/wordpress\\\/#\\\/schema\\\/person\\\/6e4b2658514a3b7423a1f323400bdc1b\"},\"headline\":\"[Rezension] Dagmar Fohl: Alma\",\"datePublished\":\"2017-07-23T05:56:25+00:00\",\"dateModified\":\"2021-03-27T15:37:14+00:00\",\"mainEntityOfPage\":{\"@id\":\"https:\\\/\\\/leckerekekse.de\\\/wordpress\\\/rezension-alma-dagmar-fohl\\\/\"},\"wordCount\":894,\"commentCount\":2,\"publisher\":{\"@id\":\"https:\\\/\\\/leckerekekse.de\\\/wordpress\\\/#\\\/schema\\\/person\\\/6e4b2658514a3b7423a1f323400bdc1b\"},\"image\":{\"@id\":\"https:\\\/\\\/leckerekekse.de\\\/wordpress\\\/rezension-alma-dagmar-fohl\\\/#primaryimage\"},\"thumbnailUrl\":\"https:\\\/\\\/leckerekekse.de\\\/wordpress\\\/wp-content\\\/uploads\\\/2017\\\/06\\\/alma-dagmar-fohl.jpg\",\"keywords\":[\"Familie\",\"Flucht\",\"Holocaust\",\"Juden\",\"Konzentrationslager\",\"Krieg\",\"Neubeginn\"],\"articleSection\":{\"1\":\"Rezension\"},\"inLanguage\":\"de\",\"potentialAction\":[{\"@type\":\"CommentAction\",\"name\":\"Comment\",\"target\":[\"https:\\\/\\\/leckerekekse.de\\\/wordpress\\\/rezension-alma-dagmar-fohl\\\/#respond\"]}]},{\"@type\":\"WebPage\",\"@id\":\"https:\\\/\\\/leckerekekse.de\\\/wordpress\\\/rezension-alma-dagmar-fohl\\\/\",\"url\":\"https:\\\/\\\/leckerekekse.de\\\/wordpress\\\/rezension-alma-dagmar-fohl\\\/\",\"name\":\"[Rezension] Dagmar Fohl: Alma | Leckere Kekse &amp; mehr\",\"isPartOf\":{\"@id\":\"https:\\\/\\\/leckerekekse.de\\\/wordpress\\\/#website\"},\"primaryImageOfPage\":{\"@id\":\"https:\\\/\\\/leckerekekse.de\\\/wordpress\\\/rezension-alma-dagmar-fohl\\\/#primaryimage\"},\"image\":{\"@id\":\"https:\\\/\\\/leckerekekse.de\\\/wordpress\\\/rezension-alma-dagmar-fohl\\\/#primaryimage\"},\"thumbnailUrl\":\"https:\\\/\\\/leckerekekse.de\\\/wordpress\\\/wp-content\\\/uploads\\\/2017\\\/06\\\/alma-dagmar-fohl.jpg\",\"datePublished\":\"2017-07-23T05:56:25+00:00\",\"dateModified\":\"2021-03-27T15:37:14+00:00\",\"description\":\"Der Roman \\\"Alma\\\" gibt zwei Gedenktafeln aus Hamburg eine Geschichte, die eing\u00e4nglicher ist als 2 schlichten Schildern voller Fakten.\",\"breadcrumb\":{\"@id\":\"https:\\\/\\\/leckerekekse.de\\\/wordpress\\\/rezension-alma-dagmar-fohl\\\/#breadcrumb\"},\"inLanguage\":\"de\",\"potentialAction\":[{\"@type\":\"ReadAction\",\"target\":[\"https:\\\/\\\/leckerekekse.de\\\/wordpress\\\/rezension-alma-dagmar-fohl\\\/\"]}]},{\"@type\":\"ImageObject\",\"inLanguage\":\"de\",\"@id\":\"https:\\\/\\\/leckerekekse.de\\\/wordpress\\\/rezension-alma-dagmar-fohl\\\/#primaryimage\",\"url\":\"https:\\\/\\\/leckerekekse.de\\\/wordpress\\\/wp-content\\\/uploads\\\/2017\\\/06\\\/alma-dagmar-fohl.jpg\",\"contentUrl\":\"https:\\\/\\\/leckerekekse.de\\\/wordpress\\\/wp-content\\\/uploads\\\/2017\\\/06\\\/alma-dagmar-fohl.jpg\",\"width\":640,\"height\":400,\"caption\":\"Rezension Alma von Dagmar Fohl\"},{\"@type\":\"BreadcrumbList\",\"@id\":\"https:\\\/\\\/leckerekekse.de\\\/wordpress\\\/rezension-alma-dagmar-fohl\\\/#breadcrumb\",\"itemListElement\":[{\"@type\":\"ListItem\",\"position\":1,\"name\":\"Home\",\"item\":\"https:\\\/\\\/leckerekekse.de\\\/wordpress\\\/\"},{\"@type\":\"ListItem\",\"position\":2,\"name\":\"[Rezension] Dagmar Fohl: Alma\"}]},{\"@type\":\"WebSite\",\"@id\":\"https:\\\/\\\/leckerekekse.de\\\/wordpress\\\/#website\",\"url\":\"https:\\\/\\\/leckerekekse.de\\\/wordpress\\\/\",\"name\":\"Leckere Kekse &amp; mehr\",\"description\":\"Kekse backen, B\u00fccher lesen und mehr\",\"publisher\":{\"@id\":\"https:\\\/\\\/leckerekekse.de\\\/wordpress\\\/#\\\/schema\\\/person\\\/6e4b2658514a3b7423a1f323400bdc1b\"},\"potentialAction\":[{\"@type\":\"SearchAction\",\"target\":{\"@type\":\"EntryPoint\",\"urlTemplate\":\"https:\\\/\\\/leckerekekse.de\\\/wordpress\\\/?s={search_term_string}\"},\"query-input\":{\"@type\":\"PropertyValueSpecification\",\"valueRequired\":true,\"valueName\":\"search_term_string\"}}],\"inLanguage\":\"de\"},{\"@type\":[\"Person\",\"Organization\"],\"@id\":\"https:\\\/\\\/leckerekekse.de\\\/wordpress\\\/#\\\/schema\\\/person\\\/6e4b2658514a3b7423a1f323400bdc1b\",\"name\":\"Astrid\",\"logo\":{\"@id\":\"https:\\\/\\\/leckerekekse.de\\\/wordpress\\\/#\\\/schema\\\/person\\\/image\\\/\"},\"sameAs\":[\"https:\\\/\\\/leckerekekse.de\\\/wordpress\"]}]}<\/script>\n<!-- \/ Yoast SEO plugin. -->","yoast_head_json":{"title":"[Rezension] Dagmar Fohl: Alma | Leckere Kekse &amp; mehr","description":"Der Roman \"Alma\" gibt zwei Gedenktafeln aus Hamburg eine Geschichte, die eing\u00e4nglicher ist als 2 schlichten Schildern voller Fakten.","robots":{"index":"index","follow":"follow","max-snippet":"max-snippet:-1","max-image-preview":"max-image-preview:large","max-video-preview":"max-video-preview:-1"},"canonical":"https:\/\/leckerekekse.de\/wordpress\/rezension-alma-dagmar-fohl\/","og_locale":"de_DE","og_type":"article","og_title":"[Rezension] Dagmar Fohl: Alma | Leckere Kekse &amp; mehr","og_description":"Der Roman \"Alma\" gibt zwei Gedenktafeln aus Hamburg eine Geschichte, die eing\u00e4nglicher ist als 2 schlichten Schildern voller Fakten.","og_url":"https:\/\/leckerekekse.de\/wordpress\/rezension-alma-dagmar-fohl\/","og_site_name":"Leckere Kekse &amp; mehr","article_published_time":"2017-07-23T05:56:25+00:00","article_modified_time":"2021-03-27T15:37:14+00:00","og_image":[{"width":640,"height":400,"url":"https:\/\/leckerekekse.de\/wordpress\/wp-content\/uploads\/2017\/06\/alma-dagmar-fohl.jpg","type":"image\/jpeg"}],"author":"Astrid","twitter_misc":{"Verfasst von":"Astrid","Gesch\u00e4tzte Lesezeit":"4\u00a0Minuten"},"schema":{"@context":"https:\/\/schema.org","@graph":[{"@type":"Article","@id":"https:\/\/leckerekekse.de\/wordpress\/rezension-alma-dagmar-fohl\/#article","isPartOf":{"@id":"https:\/\/leckerekekse.de\/wordpress\/rezension-alma-dagmar-fohl\/"},"author":{"name":"Astrid","@id":"https:\/\/leckerekekse.de\/wordpress\/#\/schema\/person\/6e4b2658514a3b7423a1f323400bdc1b"},"headline":"[Rezension] Dagmar Fohl: Alma","datePublished":"2017-07-23T05:56:25+00:00","dateModified":"2021-03-27T15:37:14+00:00","mainEntityOfPage":{"@id":"https:\/\/leckerekekse.de\/wordpress\/rezension-alma-dagmar-fohl\/"},"wordCount":894,"commentCount":2,"publisher":{"@id":"https:\/\/leckerekekse.de\/wordpress\/#\/schema\/person\/6e4b2658514a3b7423a1f323400bdc1b"},"image":{"@id":"https:\/\/leckerekekse.de\/wordpress\/rezension-alma-dagmar-fohl\/#primaryimage"},"thumbnailUrl":"https:\/\/leckerekekse.de\/wordpress\/wp-content\/uploads\/2017\/06\/alma-dagmar-fohl.jpg","keywords":["Familie","Flucht","Holocaust","Juden","Konzentrationslager","Krieg","Neubeginn"],"articleSection":{"1":"Rezension"},"inLanguage":"de","potentialAction":[{"@type":"CommentAction","name":"Comment","target":["https:\/\/leckerekekse.de\/wordpress\/rezension-alma-dagmar-fohl\/#respond"]}]},{"@type":"WebPage","@id":"https:\/\/leckerekekse.de\/wordpress\/rezension-alma-dagmar-fohl\/","url":"https:\/\/leckerekekse.de\/wordpress\/rezension-alma-dagmar-fohl\/","name":"[Rezension] Dagmar Fohl: Alma | Leckere Kekse &amp; mehr","isPartOf":{"@id":"https:\/\/leckerekekse.de\/wordpress\/#website"},"primaryImageOfPage":{"@id":"https:\/\/leckerekekse.de\/wordpress\/rezension-alma-dagmar-fohl\/#primaryimage"},"image":{"@id":"https:\/\/leckerekekse.de\/wordpress\/rezension-alma-dagmar-fohl\/#primaryimage"},"thumbnailUrl":"https:\/\/leckerekekse.de\/wordpress\/wp-content\/uploads\/2017\/06\/alma-dagmar-fohl.jpg","datePublished":"2017-07-23T05:56:25+00:00","dateModified":"2021-03-27T15:37:14+00:00","description":"Der Roman \"Alma\" gibt zwei Gedenktafeln aus Hamburg eine Geschichte, die eing\u00e4nglicher ist als 2 schlichten Schildern voller Fakten.","breadcrumb":{"@id":"https:\/\/leckerekekse.de\/wordpress\/rezension-alma-dagmar-fohl\/#breadcrumb"},"inLanguage":"de","potentialAction":[{"@type":"ReadAction","target":["https:\/\/leckerekekse.de\/wordpress\/rezension-alma-dagmar-fohl\/"]}]},{"@type":"ImageObject","inLanguage":"de","@id":"https:\/\/leckerekekse.de\/wordpress\/rezension-alma-dagmar-fohl\/#primaryimage","url":"https:\/\/leckerekekse.de\/wordpress\/wp-content\/uploads\/2017\/06\/alma-dagmar-fohl.jpg","contentUrl":"https:\/\/leckerekekse.de\/wordpress\/wp-content\/uploads\/2017\/06\/alma-dagmar-fohl.jpg","width":640,"height":400,"caption":"Rezension Alma von Dagmar Fohl"},{"@type":"BreadcrumbList","@id":"https:\/\/leckerekekse.de\/wordpress\/rezension-alma-dagmar-fohl\/#breadcrumb","itemListElement":[{"@type":"ListItem","position":1,"name":"Home","item":"https:\/\/leckerekekse.de\/wordpress\/"},{"@type":"ListItem","position":2,"name":"[Rezension] Dagmar Fohl: Alma"}]},{"@type":"WebSite","@id":"https:\/\/leckerekekse.de\/wordpress\/#website","url":"https:\/\/leckerekekse.de\/wordpress\/","name":"Leckere Kekse &amp; mehr","description":"Kekse backen, B\u00fccher lesen und mehr","publisher":{"@id":"https:\/\/leckerekekse.de\/wordpress\/#\/schema\/person\/6e4b2658514a3b7423a1f323400bdc1b"},"potentialAction":[{"@type":"SearchAction","target":{"@type":"EntryPoint","urlTemplate":"https:\/\/leckerekekse.de\/wordpress\/?s={search_term_string}"},"query-input":{"@type":"PropertyValueSpecification","valueRequired":true,"valueName":"search_term_string"}}],"inLanguage":"de"},{"@type":["Person","Organization"],"@id":"https:\/\/leckerekekse.de\/wordpress\/#\/schema\/person\/6e4b2658514a3b7423a1f323400bdc1b","name":"Astrid","logo":{"@id":"https:\/\/leckerekekse.de\/wordpress\/#\/schema\/person\/image\/"},"sameAs":["https:\/\/leckerekekse.de\/wordpress"]}]}},"_links":{"self":[{"href":"https:\/\/leckerekekse.de\/wordpress\/wp-json\/wp\/v2\/posts\/9080","targetHints":{"allow":["GET"]}}],"collection":[{"href":"https:\/\/leckerekekse.de\/wordpress\/wp-json\/wp\/v2\/posts"}],"about":[{"href":"https:\/\/leckerekekse.de\/wordpress\/wp-json\/wp\/v2\/types\/post"}],"author":[{"embeddable":true,"href":"https:\/\/leckerekekse.de\/wordpress\/wp-json\/wp\/v2\/users\/1"}],"replies":[{"embeddable":true,"href":"https:\/\/leckerekekse.de\/wordpress\/wp-json\/wp\/v2\/comments?post=9080"}],"version-history":[{"count":3,"href":"https:\/\/leckerekekse.de\/wordpress\/wp-json\/wp\/v2\/posts\/9080\/revisions"}],"predecessor-version":[{"id":16403,"href":"https:\/\/leckerekekse.de\/wordpress\/wp-json\/wp\/v2\/posts\/9080\/revisions\/16403"}],"wp:featuredmedia":[{"embeddable":true,"href":"https:\/\/leckerekekse.de\/wordpress\/wp-json\/wp\/v2\/media\/9217"}],"wp:attachment":[{"href":"https:\/\/leckerekekse.de\/wordpress\/wp-json\/wp\/v2\/media?parent=9080"}],"wp:term":[{"taxonomy":"category","embeddable":true,"href":"https:\/\/leckerekekse.de\/wordpress\/wp-json\/wp\/v2\/categories?post=9080"},{"taxonomy":"post_tag","embeddable":true,"href":"https:\/\/leckerekekse.de\/wordpress\/wp-json\/wp\/v2\/tags?post=9080"}],"curies":[{"name":"wp","href":"https:\/\/api.w.org\/{rel}","templated":true}]}}